{"id":5920,"date":"2023-03-30T13:47:24","date_gmt":"2023-03-30T11:47:24","guid":{"rendered":"https:\/\/www.schulzentrum-stetten-akm.de\/?p=5920"},"modified":"2023-03-30T13:48:34","modified_gmt":"2023-03-30T11:48:34","slug":"is-this-your-dream-job-mayor-maik-lehn-receives-primary-4-at-town-hall","status":"publish","type":"post","link":"https:\/\/www.schulzentrum-stetten-akm.de\/pl\/is-this-your-dream-job-mayor-maik-lehn-receives-primary-4-at-town-hall\/","title":{"rendered":"\"Czy to jest tw\u00f3j wymarzony zaw\u00f3d?\" Burmistrz Maik Lehn wita w ratuszu klasy 4 szko\u0142y podstawowej"},"content":{"rendered":"<p>W miniony wtorek klasy 4 szko\u0142y podstawowej wraz z wychowawczyniami Annik\u0105 L\u00f6ffler i Yasemin Karacan odwiedzi\u0142y ratusz w Stetten i mog\u0142y zadawa\u0107 burmistrzowi pytania dotycz\u0105ce jego pracy. Maik Lehn zacz\u0105\u0142 od wyja\u015bnienia uczniom herb\u00f3w Stetten i przedmie\u015b\u0107 w strefie wej\u015bciowej imponuj\u0105cego budynku, zanim udali si\u0119 do pomieszcze\u0144 administracji miejskiej. \"W urz\u0119dzie stanu cywilnego mogli\u015bmy usi\u0105\u015b\u0107 na miejscach dla go\u015bci\", m\u00f3wi Lia, uczennica szko\u0142y podstawowej, \"i tam, gdzie ludzie bior\u0105 \u015blub i gdzie siedz\u0105 \u015bwiadkowie\", dodaje z entuzjazmem.<\/p>\n\n\n\n<p>Odwiedzono r\u00f3\u017cne biura ratusza, np. skarbnika, administracj\u0119 finansow\u0105 i biuro porz\u0105dku publicznego. Szczeg\u00f3lnie ekscytuj\u0105ce by\u0142o zajrzenie do sejfu: niekt\u00f3rzy my\u015bleli, \u017ce s\u0105 tam prawdziwe bogactwa i musieli zda\u0107 sobie spraw\u0119, \u017ce w erze bezgot\u00f3wkowej nie ma ju\u017c g\u00f3r pieni\u0119dzy le\u017c\u0105cych w sejfie. Naprawd\u0119 zabawnie by\u0142o w biurze rejestracji mieszka\u0144c\u00f3w, co by\u0142o atrakcj\u0105 dla Kim i Caitlin: \"Tam pokazano nam, jak nazwisko i zdj\u0119cie paszportowe pojawiaj\u0105 si\u0119 po wprowadzeniu daty urodzenia\" - m\u00f3wi\u0105 z zadowoleniem.<\/p>\n\n\n\n<p>Na koniec w sali rady zaserwowano wszystkim precle i pocz\u0119stunek, podczas gdy dzieci mog\u0142y zadawa\u0107 burmistrzowi wiele pyta\u0144. \"Pan Lehn po\u015bwi\u0119ci\u0142 dzieciom du\u017co czasu\", relacjonuje Annika L\u00f6ffler. Zapytany przez jednego z uczni\u00f3w, czy jest to jego wymarzona praca, wyja\u015bni\u0142, \u017ce \"bycie dla ludzi zawsze by\u0142o dla niego wa\u017cne\". To, co naprawd\u0119 docenia w swojej pracy, to mo\u017cliwo\u015b\u0107 interakcji z m\u0142odszymi i starszymi, zw\u0142aszcza podczas takiej wizyty.<\/p>\n\n\n\n<p>\"By\u0142o naprawd\u0119 fajnie\", uwa\u017caj\u0105 uczniowie, poniewa\u017c burmistrz Lehn odpowiedzia\u0142 na wszystkie ich pytania. \"To by\u0142a mi\u0142a i pouczaj\u0105ca wizyta\" - potwierdzaj\u0105 nauczyciele i planuj\u0105 ponown\u0105 wizyt\u0119 w przysz\u0142ym roku.<\/p>","protected":false},"excerpt":{"rendered":"<p>Klasy 4 szko\u0142y podstawowej wraz z wychowawczyniami Annik\u0105 L\u00f6ffler i Yasemin Karacan odwiedzi\u0142y w miniony wtorek ratusz w Stetten i mog\u0142y zadawa\u0107 burmistrzowi pytania dotycz\u0105ce jego pracy. Maik ... <\/p>","protected":false},"author":1,"featured_media":5921,"comment_status":"closed","ping_status":"closed","sticky":false,"template":"","format":"standard","meta":{"footnotes":""},"categories":[21],"tags":[],"class_list":["post-5920","post","type-post","status-publish","format-standard","has-post-thumbnail","hentry","category-exkursionen-und-lerngaenge"],"_links":{"self":[{"href":"https:\/\/www.schulzentrum-stetten-akm.de\/pl\/wp-json\/wp\/v2\/posts\/5920","targetHints":{"allow":["GET"]}}],"collection":[{"href":"https:\/\/www.schulzentrum-stetten-akm.de\/pl\/wp-json\/wp\/v2\/posts"}],"about":[{"href":"https:\/\/www.schulzentrum-stetten-akm.de\/pl\/wp-json\/wp\/v2\/types\/post"}],"author":[{"embeddable":true,"href":"https:\/\/www.schulzentrum-stetten-akm.de\/pl\/wp-json\/wp\/v2\/users\/1"}],"replies":[{"embeddable":true,"href":"https:\/\/www.schulzentrum-stetten-akm.de\/pl\/wp-json\/wp\/v2\/comments?post=5920"}],"version-history":[{"count":2,"href":"https:\/\/www.schulzentrum-stetten-akm.de\/pl\/wp-json\/wp\/v2\/posts\/5920\/revisions"}],"predecessor-version":[{"id":5923,"href":"https:\/\/www.schulzentrum-stetten-akm.de\/pl\/wp-json\/wp\/v2\/posts\/5920\/revisions\/5923"}],"wp:featuredmedia":[{"embeddable":true,"href":"https:\/\/www.schulzentrum-stetten-akm.de\/pl\/wp-json\/wp\/v2\/media\/5921"}],"wp:attachment":[{"href":"https:\/\/www.schulzentrum-stetten-akm.de\/pl\/wp-json\/wp\/v2\/media?parent=5920"}],"wp:term":[{"taxonomy":"category","embeddable":true,"href":"https:\/\/www.schulzentrum-stetten-akm.de\/pl\/wp-json\/wp\/v2\/categories?post=5920"},{"taxonomy":"post_tag","embeddable":true,"href":"https:\/\/www.schulzentrum-stetten-akm.de\/pl\/wp-json\/wp\/v2\/tags?post=5920"}],"curies":[{"name":"wp","href":"https:\/\/api.w.org\/{rel}","templated":true}]}}