{"id":5675,"date":"2022-12-06T11:44:52","date_gmt":"2022-12-06T10:44:52","guid":{"rendered":"https:\/\/www.schulzentrum-stetten-akm.de\/?p=5675"},"modified":"2022-12-06T12:00:09","modified_gmt":"2022-12-06T11:00:09","slug":"sa-dobrym-dzieckiem-2","status":"publish","type":"post","link":"https:\/\/www.schulzentrum-stetten-akm.de\/pl\/sa-dobrym-dzieckiem-2\/","title":{"rendered":"Czy to dobre dzieci...?"},"content":{"rendered":"<p>W\u015br\u00f3d pierwszoklasist\u00f3w panuje oczekiwana cisza, gdy Ojciec \u015awi\u0105tek i jego \u015bwita wchodz\u0105 w drzwi klasy. Niekt\u00f3rzy z nich pocz\u0105tkowo nie czuj\u0105 si\u0119 do ko\u0144ca komfortowo... ale Ojciec \u015awi\u0105tek rozdaje mn\u00f3stwo pochwa\u0142 za prawid\u0142owo wykonane zadania, spokojn\u0105 atmosfer\u0119 nauki i to, \u017ce ludzie pomagaj\u0105 sobie nawzajem jako rzecz oczywist\u0105. W zamian anio\u0142owie wr\u0119czaj\u0105 im mandarynki i ma\u0142y worek z prezentami, a poniewa\u017c o\u015brodek szkolny ma do pokazania tylko dobre dzieci, Knecht Ruprecht jest troch\u0119 zawiedziony, \u017ce nie mo\u017ce w\u0142o\u017cy\u0107 do worka jakiego\u015b \u0142otra...<\/p>\n\n\n\n<p>Za tegoroczn\u0105 wizyt\u0119 u dzieci ze szko\u0142y podstawowej dzi\u0119kujemy czcigodnym miko\u0142ajom Jonasowi Jacobowi i Benowi Grafowi, uroczym anio\u0142kom Thessie Oswald, Lisie-Marie Kunstmann, Lorenie Buhl i Christinie Sieber oraz przera\u017caj\u0105cym parobkom Matty Wetterer i Nilsowi B\u00fcchelerowi, a tak\u017ce b\u0142yskawicznym reniferom Hrabinie Am\u00e9lie Bernadotte i Marcelowi Niesterowi!<\/p>\n\n\n\n<figure class=\"wp-block-image size-large\"><img loading=\"lazy\" decoding=\"async\" width=\"1024\" height=\"823\" src=\"https:\/\/www.schulzentrum-stetten-akm.de\/wp-content\/uploads\/2022\/12\/Nikolaus-Aktion-2-1024x823.jpeg\" alt=\"\" class=\"wp-image-5677\" srcset=\"https:\/\/www.schulzentrum-stetten-akm.de\/wp-content\/uploads\/2022\/12\/Nikolaus-Aktion-2-1024x823.jpeg 1024w, https:\/\/www.schulzentrum-stetten-akm.de\/wp-content\/uploads\/2022\/12\/Nikolaus-Aktion-2-300x241.jpeg 300w, https:\/\/www.schulzentrum-stetten-akm.de\/wp-content\/uploads\/2022\/12\/Nikolaus-Aktion-2-768x617.jpeg 768w, https:\/\/www.schulzentrum-stetten-akm.de\/wp-content\/uploads\/2022\/12\/Nikolaus-Aktion-2-1536x1234.jpeg 1536w, https:\/\/www.schulzentrum-stetten-akm.de\/wp-content\/uploads\/2022\/12\/Nikolaus-Aktion-2-scaled.jpeg 2048w, https:\/\/www.schulzentrum-stetten-akm.de\/wp-content\/uploads\/2022\/12\/Nikolaus-Aktion-2-15x12.jpeg 15w\" sizes=\"auto, (max-width: 1024px) 100vw, 1024px\" \/><\/figure>","protected":false},"excerpt":{"rendered":"<p>Gdy Miko\u0142aj i jego \u015bwita wchodz\u0105 do klasy, w\u015br\u00f3d pierwszoklasist\u00f3w zapada pe\u0142na oczekiwania cisza. Niekt\u00f3rzy z nich na pocz\u0105tku nie czuj\u0105 si\u0119 zbyt komfortowo... ale Miko\u0142aj rozdaje wiele pochwa\u0142 ... <\/p>","protected":false},"author":1,"featured_media":5676,"comment_status":"closed","ping_status":"closed","sticky":false,"template":"","format":"standard","meta":{"footnotes":""},"categories":[20],"tags":[],"class_list":["post-5675","post","type-post","status-publish","format-standard","has-post-thumbnail","hentry","category-veranstaltungen"],"_links":{"self":[{"href":"https:\/\/www.schulzentrum-stetten-akm.de\/pl\/wp-json\/wp\/v2\/posts\/5675","targetHints":{"allow":["GET"]}}],"collection":[{"href":"https:\/\/www.schulzentrum-stetten-akm.de\/pl\/wp-json\/wp\/v2\/posts"}],"about":[{"href":"https:\/\/www.schulzentrum-stetten-akm.de\/pl\/wp-json\/wp\/v2\/types\/post"}],"author":[{"embeddable":true,"href":"https:\/\/www.schulzentrum-stetten-akm.de\/pl\/wp-json\/wp\/v2\/users\/1"}],"replies":[{"embeddable":true,"href":"https:\/\/www.schulzentrum-stetten-akm.de\/pl\/wp-json\/wp\/v2\/comments?post=5675"}],"version-history":[{"count":2,"href":"https:\/\/www.schulzentrum-stetten-akm.de\/pl\/wp-json\/wp\/v2\/posts\/5675\/revisions"}],"predecessor-version":[{"id":5679,"href":"https:\/\/www.schulzentrum-stetten-akm.de\/pl\/wp-json\/wp\/v2\/posts\/5675\/revisions\/5679"}],"wp:featuredmedia":[{"embeddable":true,"href":"https:\/\/www.schulzentrum-stetten-akm.de\/pl\/wp-json\/wp\/v2\/media\/5676"}],"wp:attachment":[{"href":"https:\/\/www.schulzentrum-stetten-akm.de\/pl\/wp-json\/wp\/v2\/media?parent=5675"}],"wp:term":[{"taxonomy":"category","embeddable":true,"href":"https:\/\/www.schulzentrum-stetten-akm.de\/pl\/wp-json\/wp\/v2\/categories?post=5675"},{"taxonomy":"post_tag","embeddable":true,"href":"https:\/\/www.schulzentrum-stetten-akm.de\/pl\/wp-json\/wp\/v2\/tags?post=5675"}],"curies":[{"name":"wp","href":"https:\/\/api.w.org\/{rel}","templated":true}]}}