{"id":5480,"date":"2022-10-04T15:08:50","date_gmt":"2022-10-04T13:08:50","guid":{"rendered":"https:\/\/www.schulzentrum-stetten-akm.de\/?p=5480"},"modified":"2022-10-24T11:30:28","modified_gmt":"2022-10-24T09:30:28","slug":"sparkasse-pfullendorf-messkirch","status":"publish","type":"post","link":"https:\/\/www.schulzentrum-stetten-akm.de\/pl\/sparkasse-pfullendorf-messkirch\/","title":{"rendered":"Gitary elektryczne dla o\u015brodka szkolnego Stetten a.k.M."},"content":{"rendered":"<p>Centrum szkolne Stetten a.k.M. spe\u0142ni\u0142o d\u0142ugo wyczekiwane \u017cyczenie z wp\u0142yw\u00f3w netto PS, kt\u00f3re Sparkasse Pfullendorf-Me\u00dfkirch przekaza\u0142a w tym roku szko\u0142om: dwie b\u0142\u0119kitne gitary elektryczne. \"S\u0105 to dwie gitary Harley Benton HB-40 R, kt\u00f3re s\u0105 doskona\u0142ymi instrumentami do nauki. A d\u017awi\u0119k jest \u015bwietny\", m\u00f3wi oddana nauczycielka muzyki Ilona Nobic-Scheel.<\/p>\n\n\n\n<p>Gitarzy\u015bci mogli udowodni\u0107 swoje dobre brzmienie ju\u017c podczas pierwszego wyst\u0119pu, tegorocznej uroczysto\u015bci wr\u0119czenia dyplom\u00f3w. Przed uroczysto\u015bci\u0105 wr\u0119czenia dyplom\u00f3w uczniowie \u0107wiczyli bardzo cz\u0119sto, czasem nawet codziennie - tak\u017ce na du\u017cych przerwach, popo\u0142udniami i w czasie wolnym.<\/p>\n\n\n\n<p>Uczniowie s\u0105 bardzo zmotywowani i \u015bwietnie si\u0119 bawi\u0105. Jest to mo\u017cliwe dzi\u0119ki licznym klientom kasy oszcz\u0119dno\u015bciowej, kt\u00f3rzy nie tylko zasilaj\u0105 w\u0142asne konto oszcz\u0119dno\u015bciowe kuponami PS, bior\u0105 udzia\u0142 w loterii i wygrywaj\u0105 atrakcyjne nagrody. Wspieraj\u0105 r\u00f3wnie\u017c projekty charytatywne.<\/p>\n\n\n\n<p><\/p>\n\n\n\n<p>Od lewej do prawej: pan Probst, pan Kohl, Dawid Sielicki, Andreas Fiebig, Ilona Nobik-Scheel i Daniel Kratschmann.<\/p>","protected":false},"excerpt":{"rendered":"<p>Centrum szkolne Stetten a.k.M. spe\u0142ni\u0142o d\u0142ugo wyczekiwane \u017cyczenie z wp\u0142yw\u00f3w netto PS, kt\u00f3re Sparkasse Pfullendorf-Me\u00dfkirch przekaza\u0142a w tym roku szko\u0142om: dwie b\u0142\u0119kitne gitary elektryczne. \"S\u0105 to dwie gitary Harley Benton ... <\/p>","protected":false},"author":1,"featured_media":5481,"comment_status":"closed","ping_status":"closed","sticky":false,"template":"","format":"standard","meta":{"footnotes":""},"categories":[1,22,20],"tags":[],"class_list":["post-5480","post","type-post","status-publish","format-standard","has-post-thumbnail","hentry","category-allgemein","category-schulalltag","category-veranstaltungen"],"_links":{"self":[{"href":"https:\/\/www.schulzentrum-stetten-akm.de\/pl\/wp-json\/wp\/v2\/posts\/5480","targetHints":{"allow":["GET"]}}],"collection":[{"href":"https:\/\/www.schulzentrum-stetten-akm.de\/pl\/wp-json\/wp\/v2\/posts"}],"about":[{"href":"https:\/\/www.schulzentrum-stetten-akm.de\/pl\/wp-json\/wp\/v2\/types\/post"}],"author":[{"embeddable":true,"href":"https:\/\/www.schulzentrum-stetten-akm.de\/pl\/wp-json\/wp\/v2\/users\/1"}],"replies":[{"embeddable":true,"href":"https:\/\/www.schulzentrum-stetten-akm.de\/pl\/wp-json\/wp\/v2\/comments?post=5480"}],"version-history":[{"count":2,"href":"https:\/\/www.schulzentrum-stetten-akm.de\/pl\/wp-json\/wp\/v2\/posts\/5480\/revisions"}],"predecessor-version":[{"id":5496,"href":"https:\/\/www.schulzentrum-stetten-akm.de\/pl\/wp-json\/wp\/v2\/posts\/5480\/revisions\/5496"}],"wp:featuredmedia":[{"embeddable":true,"href":"https:\/\/www.schulzentrum-stetten-akm.de\/pl\/wp-json\/wp\/v2\/media\/5481"}],"wp:attachment":[{"href":"https:\/\/www.schulzentrum-stetten-akm.de\/pl\/wp-json\/wp\/v2\/media?parent=5480"}],"wp:term":[{"taxonomy":"category","embeddable":true,"href":"https:\/\/www.schulzentrum-stetten-akm.de\/pl\/wp-json\/wp\/v2\/categories?post=5480"},{"taxonomy":"post_tag","embeddable":true,"href":"https:\/\/www.schulzentrum-stetten-akm.de\/pl\/wp-json\/wp\/v2\/tags?post=5480"}],"curies":[{"name":"wp","href":"https:\/\/api.w.org\/{rel}","templated":true}]}}