{"id":5449,"date":"2022-09-28T13:34:12","date_gmt":"2022-09-28T11:34:12","guid":{"rendered":"https:\/\/www.schulzentrum-stetten-akm.de\/?p=5449"},"modified":"2022-11-21T10:24:05","modified_gmt":"2022-11-21T09:24:05","slug":"new-faces-at-school-centre-stetten","status":"publish","type":"post","link":"https:\/\/www.schulzentrum-stetten-akm.de\/pl\/new-faces-at-school-centre-stetten\/","title":{"rendered":"Nowe twarze w o\u015brodku szkolnym w Stetten"},"content":{"rendered":"<p>W tym roku szkolnym O\u015brodek Szkolny w Stetten powita\u0142 wielu nowych koleg\u00f3w i kole\u017canek, kt\u00f3rzy swoj\u0105 prac\u0105 i zaanga\u017cowaniem wzbogacaj\u0105 grono uczniowskie i pedagogiczne oraz zapewniaj\u0105 dobr\u0105 poda\u017c zaj\u0119\u0107 w bie\u017c\u0105cym roku szkolnym.<\/p>\n\n\n\n<p>W szkole podstawowej Maria Fr\u00f6hlich z Sigmaringen po pomy\u015blnym zako\u0144czeniu sta\u017cu podj\u0119\u0142a prac\u0119 jako wychowawca klasy 3b. Szczeg\u00f3ln\u0105 wag\u0119 przywi\u0105zuje do przyjemnej atmosfery w klasie, kt\u00f3ra sprawia, \u017ce uczniowie ch\u0119tnie przychodz\u0105 do szko\u0142y. Prywatnie przez wiele lat by\u0142a zaanga\u017cowana jako lider m\u0142odzie\u017cy w Niemieckim Klubie Alpejskim.<\/p>\n\n\n\n<p>Annika Gscheidle ze Stetten a.k.M. jest r\u00f3wnie\u017c nauczycielk\u0105 sta\u017cystk\u0105, g\u0142\u00f3wnie w klasie 3, i ch\u0119tnie dzieli si\u0119 swoj\u0105 mi\u0142o\u015bci\u0105 do rodzinnego miasta z uczniami miejscowej szko\u0142y podstawowej.<\/p>\n\n\n\n<p>Renate Biselli z Leibertingen jest nauczycielk\u0105 w szkole podstawowej i \u015bredniej oraz wychowawczyni\u0105 klasy 3a. Wa\u017cne jest dla niej, aby dzieci ekscytowa\u0142y si\u0119 flor\u0105 i faun\u0105 w ich w\u0142asnej ojczy\u017anie.<\/p>\n\n\n\n<p>Annika L\u00f6ffler ze Stetten w ubieg\u0142ym roku po pomy\u015blnym zako\u0144czeniu sta\u017cu rozpocz\u0119\u0142a karier\u0119 nauczycielsk\u0105 jako nauczycielka szko\u0142y podstawowej w o\u015brodku szkolnym. Jako wychowawczyni klasy 4a jest szczeg\u00f3lnie zainteresowana rozbudzeniem w swoich podopiecznych rado\u015bci z nauki, czytania i mi\u0142o\u015bci do przyrody.<\/p>\n\n\n\n<p>W szkole gminnej Annette Karsten zosta\u0142a zatrudniona jako nauczycielka Real i Hauptschule po pomy\u015blnym zako\u0144czeniu sta\u017cu. Jest ona animatork\u0105 grup edukacyjnych w 8.2 i od tego roku szkolnego mieszka r\u00f3wnie\u017c w Stetten a.k.M. Opr\u00f3cz pracy dydaktycznej jest odpowiedzialna za edukacj\u0119 cyfrow\u0105, koordynacj\u0119 Ipad\u00f3w w klasie i dalszy rozw\u00f3j cyfrowego projektowania lekcji. Opr\u00f3cz nauczania, prowadzi kursy ta\u0144ca dla <em>taniec nowoczesny<\/em> w Albstadt.<\/p>\n\n\n\n<p>Nowym pracownikiem GMS jest nauczyciel Realschule Mihael Sim z Sigmaringen, kt\u00f3ry w ubieg\u0142ym roku szkolnym pomy\u015blnie zako\u0144czy\u0142 sta\u017c w Liebfrauenschule. Jest on moderatorem grupy edukacyjnej dla LG 7.1 i jest odpowiedzialny za administracj\u0119 sieci szkolnej. Jako hobby pasjonuje si\u0119 gr\u0105 w siatk\u00f3wk\u0119.<\/p>\n\n\n\n<p>Nauczycielka szko\u0142y realnej Ina Christlbauer, kt\u00f3ra w tym roku uczy w GMS na zasadzie oddelegowania z Grafen-von-Zimmern-Realschule Me\u00dfkirch, jest wychowawczyni\u0105 grupy 7.2. Jej hobby to badminton i fitness.<\/p>\n\n\n\n<p>Jessica Zwick z Veringenstadt po odbyciu sta\u017cu w GMS w ubieg\u0142ym roku szkolnym zosta\u0142a ju\u017c zatrudniona jako nauczycielka w Werkreal, Real i Hauptschule. W LG 8.1 jest ona animatork\u0105 grup edukacyjnych i jako przedstawicielka BO jest odpowiedzialna za planowanie i koordynacj\u0119 orientacji zawodowej w szkole gminnej.<\/p>\n\n\n\n<p>Andrea Ruda ze Stetten powraca do GMS po rocznym oddelegowaniu w Sigmaringen i jest zatrudniona g\u0142\u00f3wnie jako nauczyciel przedmiotu wychowanie fizyczne i religia katolicka. Anga\u017cuje si\u0119 w dalszy rozw\u00f3j o\u015brodka szkolnego jako certyfikowanej szko\u0142y z ukierunkowaniem na edukacj\u0119 ruchow\u0105. Jako trener w centrum fitness i zdrowia wzmacnia wsp\u00f3\u0142prac\u0119 w zakresie sport\u00f3w skoczno\u015bciowych pomi\u0119dzy szko\u0142\u0105 a klubem. Poza szko\u0142\u0105 jest aktywna jako radna lokalna w Stetten.<\/p>\n\n\n\n<p>Ilona N\u00f3bik-Scheel do\u0142\u0105czy\u0142a do GMS w ubieg\u0142ym roku szkolnym jako nowy nauczyciel muzyki. Urodzi\u0142a si\u0119 na W\u0119grzech, studiowa\u0142a muzyk\u0119 i filozofi\u0119\/etyk\u0119 na uniwersytetach w Peczu i Tybindze w 2009 roku pracuje jako organistka w niepe\u0142nym wymiarze godzin.<\/p>\n\n\n\n<p>Leonie Baier r\u00f3wnie\u017c od roku uczy w GMS w szkole \u015bredniej. Jest nauczycielk\u0105 j\u0119zyka francuskiego w szkole \u015bredniej i jest zaanga\u017cowana w tworzenie wymiany uczni\u00f3w ze szko\u0142\u0105 francusk\u0105.<\/p>\n\n\n\n<p>Tina Wolfram ze Stetten a.k.M. wzmocni\u0142a zesp\u00f3\u0142 GMS od czerwca 2020 r. Nauczycielka szko\u0142y podstawowej, \u015bredniej i \u015bredniej przenios\u0142a si\u0119 ze szko\u0142y gminnej w Mengen do o\u015brodka szkolnego po urlopie wychowawczym. Jako nauczycielka przedmiotu uczy religii katolickiej w szkole podstawowej oraz matematyki, AES i BNT w szkole \u015bredniej.<\/p>\n\n\n\n<p>Nauczycielka szko\u0142y realnej Carolin Nipp z Krauchenwies wr\u00f3ci\u0142a do GMS po kilkuletniej przerwie i uczy przedmiot\u00f3w matematyka i AES. Wa\u017cne jest dla niej, aby partnerzy w nauce zdobyli codzienne umiej\u0119tno\u015bci przydatne w przysz\u0142ym \u017cyciu.<\/p>\n\n\n\n<p>W zakresie integracji, w tym roku dw\u00f3ch nauczycieli, kt\u00f3rzy wcze\u015bniej uczyli w o\u015brodku szkolnym, opiekuje si\u0119 uczniami o specjalnych potrzebach edukacyjnych. Dorothea Asal z Bisingen, kt\u00f3ra studiowa\u0142a edukacj\u0119 w zakresie j\u0119zyk\u00f3w obcych i niepe\u0142nosprawno\u015bci w uczeniu si\u0119, jest zatrudniona w szkole podstawowej w klasach 1, 3 i 4 oraz w gimnazjum w grupach nauczania 6, 7 i 9.<\/p>\n\n\n\n<p>Nauczyciel ds. specjalnych potrzeb Michael Cafetzakis z Sigmaringen jest odpowiedzialny za w\u0142\u0105czenie do grupy edukacyjnej 5.1.<\/p>\n\n\n\n<p>Miar\u0105 jako\u015bci dobrej szko\u0142y jest nie tylko optymalna oferta dydaktyczna, ale tak\u017ce dobrze rozwini\u0119ta szkolna praca socjalna, kt\u00f3ra stanowi punkt kontaktowy dla dzieci w potrzebie i mo\u017ce zapewni\u0107 \u015brodki pomocnicze dla sukcesu szko\u0142y. Tobias Buck, kierownik szkolnej pracy socjalnej w o\u015brodku szkolnym w Stetten, mo\u017ce w tym roku szkolnym liczy\u0107 na dodatkowych pracownik\u00f3w w swoim zespole: Emely Tiefenbach z Ort i Lara Reise z Ort b\u0119d\u0105 do przysz\u0142ego roku wspiera\u0107 go w ca\u0142odziennym programie szko\u0142y podstawowej i odpowiada\u0107 za miejsce spotka\u0144 Kubus, kt\u00f3re oferuje uczniom GMS zaj\u0119cia w czasie przerwy i czas spotka\u0144.<\/p>\n\n\n\n<p>Leonhard L\u00f6ffler ze Stetten a.k.M. studiuje obecnie prac\u0119 socjaln\u0105, prac\u0119 w sieci i przestrzeni spo\u0142ecznej. Jest aktywny jako szkolny ratownik medyczny i pracownik wspieraj\u0105cy szkoln\u0105 prac\u0119 socjaln\u0105.<\/p>\n\n\n\n<p>Pedagog spo\u0142eczny Karin Geuder z Winterlingen jest osob\u0105 kontaktow\u0105 w sprawie pracy w grupach spo\u0142ecznych (SGA), kt\u00f3ra odbywa si\u0119 w \u015brodowe popo\u0142udnia w szkole. Oferta wsp\u00f3\u0142pracy w porozumieniu z wydzia\u0142em ds. m\u0142odzie\u017cy powiatu Sigmaringen i Mariaberger A&amp;S gGmbH skierowana jest do dzieci i m\u0142odzie\u017cy od 5 klasy i s\u0142u\u017cy wzmocnieniu kompetencji spo\u0142eczno-emocjonalnych.<\/p>\n\n\n\n<p>Leif Bauer uko\u0144czy\u0142 w ubieg\u0142ym roku szko\u0142\u0119 \u015bredni\u0105 w szkole gminnej i obecnie jest aktywny w swoim roku spo\u0142ecznym jako dodatkowy pracownik wspieraj\u0105cy uczni\u00f3w szko\u0142y podstawowej w wychowaniu fizycznym. Poza szko\u0142\u0105 lubi gra\u0107 w koszyk\u00f3wk\u0119 lub pi\u0142k\u0119 no\u017cn\u0105, co jest szczeg\u00f3lnie lubiane przez uczni\u00f3w.<\/p>\n\n\n\n<p>W sumie o\u015brodek szkolny w Stetten jest wi\u0119c w tym roku szkolnym dobrze obsadzony i mo\u017ce zagwarantowa\u0107 niezmiennie wysok\u0105 jako\u015b\u0107 nauczania i opieki nad uczniami.<\/p>\n\n\n\n<p><em>Na zdj\u0119ciu od lewej do prawej: Mihael Sim, Renate Biselli, Ilona Nobik-Scheel, Maria Fr\u00f6hlich i Ina Christlbauer.<\/em><\/p>","protected":false},"excerpt":{"rendered":"<p>W tym roku szkolnym Centrum Szkolne Stetten wita wielu nowych koleg\u00f3w, kt\u00f3rzy swoj\u0105 prac\u0105 i zaanga\u017cowaniem wzbogacaj\u0105 grono uczniowskie i nauczycielskie oraz zapewniaj\u0105 dobr\u0105 poda\u017c lekcji w bie\u017c\u0105cym roku szkolnym. <\/p>","protected":false},"author":1,"featured_media":5450,"comment_status":"closed","ping_status":"closed","sticky":false,"template":"","format":"standard","meta":{"footnotes":""},"categories":[1,22],"tags":[],"class_list":["post-5449","post","type-post","status-publish","format-standard","has-post-thumbnail","hentry","category-allgemein","category-schulalltag"],"_links":{"self":[{"href":"https:\/\/www.schulzentrum-stetten-akm.de\/pl\/wp-json\/wp\/v2\/posts\/5449","targetHints":{"allow":["GET"]}}],"collection":[{"href":"https:\/\/www.schulzentrum-stetten-akm.de\/pl\/wp-json\/wp\/v2\/posts"}],"about":[{"href":"https:\/\/www.schulzentrum-stetten-akm.de\/pl\/wp-json\/wp\/v2\/types\/post"}],"author":[{"embeddable":true,"href":"https:\/\/www.schulzentrum-stetten-akm.de\/pl\/wp-json\/wp\/v2\/users\/1"}],"replies":[{"embeddable":true,"href":"https:\/\/www.schulzentrum-stetten-akm.de\/pl\/wp-json\/wp\/v2\/comments?post=5449"}],"version-history":[{"count":4,"href":"https:\/\/www.schulzentrum-stetten-akm.de\/pl\/wp-json\/wp\/v2\/posts\/5449\/revisions"}],"predecessor-version":[{"id":5454,"href":"https:\/\/www.schulzentrum-stetten-akm.de\/pl\/wp-json\/wp\/v2\/posts\/5449\/revisions\/5454"}],"wp:featuredmedia":[{"embeddable":true,"href":"https:\/\/www.schulzentrum-stetten-akm.de\/pl\/wp-json\/wp\/v2\/media\/5450"}],"wp:attachment":[{"href":"https:\/\/www.schulzentrum-stetten-akm.de\/pl\/wp-json\/wp\/v2\/media?parent=5449"}],"wp:term":[{"taxonomy":"category","embeddable":true,"href":"https:\/\/www.schulzentrum-stetten-akm.de\/pl\/wp-json\/wp\/v2\/categories?post=5449"},{"taxonomy":"post_tag","embeddable":true,"href":"https:\/\/www.schulzentrum-stetten-akm.de\/pl\/wp-json\/wp\/v2\/tags?post=5449"}],"curies":[{"name":"wp","href":"https:\/\/api.w.org\/{rel}","templated":true}]}}