{"id":5322,"date":"2022-07-22T15:06:57","date_gmt":"2022-07-22T13:06:57","guid":{"rendered":"https:\/\/www.schulzentrum-stetten-akm.de\/?p=5322"},"modified":"2022-07-23T11:05:02","modified_gmt":"2022-07-23T09:05:02","slug":"graduation-at-school-centre-stetten-am-kalten-markt","status":"publish","type":"post","link":"https:\/\/www.schulzentrum-stetten-akm.de\/pl\/graduation-at-school-centre-stetten-am-kalten-markt\/","title":{"rendered":"Ceremonia wr\u0119czenia dyplom\u00f3w w centrum szkolnym Stetten am kalten Markt"},"content":{"rendered":"<p>19 lipca w o\u015brodku szkolnym Stetten am kalten Markt odby\u0142a si\u0119 tegoroczna ceremonia wr\u0119czenia dyplom\u00f3w naszym grupom edukacyjnym 9 i 10.\u00a0<br \/>Po pysznym szampa\u0144skim przyj\u0119ciu, kt\u00f3remu towarzyszy\u0142y wszelkiego rodzaju smako\u0142yki dzi\u0119ki aktywnemu wsparciu rodzic\u00f3w, rozdano certyfikaty i nagrody.<\/p>\n\n\n\n<figure class=\"wp-block-gallery has-nested-images columns-default is-cropped wp-block-gallery-1 is-layout-flex wp-block-gallery-is-layout-flex\">\n<figure class=\"wp-block-image size-large\"><img decoding=\"async\" data-id=\"5315\" src=\"https:\/\/www.schulzentrum-stetten-akm.de\/wp-content\/uploads\/2022\/07\/IMG_1907-scaled.jpeg\" alt=\"\" class=\"wp-image-5315\"\/><figcaption>Grupa badawcza 10.1<\/figcaption><\/figure>\n\n\n\n<figure class=\"wp-block-image size-large\"><img decoding=\"async\" data-id=\"5314\" src=\"https:\/\/www.schulzentrum-stetten-akm.de\/wp-content\/uploads\/2022\/07\/IMG_1906-scaled.jpeg\" alt=\"\" class=\"wp-image-5314\"\/><figcaption>Grupa szkoleniowa 9.1 i 9.2<\/figcaption><\/figure>\n<\/figure>","protected":false},"excerpt":{"rendered":"<p>W dniu 19 lipca br. w o\u015brodku szkolnym Stetten am kalten Markt odby\u0142a si\u0119 uroczysto\u015b\u0107 zako\u0144czenia roku szkolnego grup 9 i 10. Po pysznym przyj\u0119ciu z szampanem, kt\u00f3re by\u0142o mo\u017cliwe dzi\u0119ki aktywnemu wsparciu Rady Rodzic\u00f3w ... <\/p>","protected":false},"author":1,"featured_media":5341,"comment_status":"closed","ping_status":"closed","sticky":false,"template":"","format":"standard","meta":{"footnotes":""},"categories":[1,25,22],"tags":[],"class_list":["post-5322","post","type-post","status-publish","format-standard","has-post-thumbnail","hentry","category-allgemein","category-ankuendigungen","category-schulalltag"],"_links":{"self":[{"href":"https:\/\/www.schulzentrum-stetten-akm.de\/pl\/wp-json\/wp\/v2\/posts\/5322","targetHints":{"allow":["GET"]}}],"collection":[{"href":"https:\/\/www.schulzentrum-stetten-akm.de\/pl\/wp-json\/wp\/v2\/posts"}],"about":[{"href":"https:\/\/www.schulzentrum-stetten-akm.de\/pl\/wp-json\/wp\/v2\/types\/post"}],"author":[{"embeddable":true,"href":"https:\/\/www.schulzentrum-stetten-akm.de\/pl\/wp-json\/wp\/v2\/users\/1"}],"replies":[{"embeddable":true,"href":"https:\/\/www.schulzentrum-stetten-akm.de\/pl\/wp-json\/wp\/v2\/comments?post=5322"}],"version-history":[{"count":2,"href":"https:\/\/www.schulzentrum-stetten-akm.de\/pl\/wp-json\/wp\/v2\/posts\/5322\/revisions"}],"predecessor-version":[{"id":5336,"href":"https:\/\/www.schulzentrum-stetten-akm.de\/pl\/wp-json\/wp\/v2\/posts\/5322\/revisions\/5336"}],"wp:featuredmedia":[{"embeddable":true,"href":"https:\/\/www.schulzentrum-stetten-akm.de\/pl\/wp-json\/wp\/v2\/media\/5341"}],"wp:attachment":[{"href":"https:\/\/www.schulzentrum-stetten-akm.de\/pl\/wp-json\/wp\/v2\/media?parent=5322"}],"wp:term":[{"taxonomy":"category","embeddable":true,"href":"https:\/\/www.schulzentrum-stetten-akm.de\/pl\/wp-json\/wp\/v2\/categories?post=5322"},{"taxonomy":"post_tag","embeddable":true,"href":"https:\/\/www.schulzentrum-stetten-akm.de\/pl\/wp-json\/wp\/v2\/tags?post=5322"}],"curies":[{"name":"wp","href":"https:\/\/api.w.org\/{rel}","templated":true}]}}