{"id":5254,"date":"2022-05-19T12:30:24","date_gmt":"2022-05-19T10:30:24","guid":{"rendered":"https:\/\/www.schulzentrum-stetten-akm.de\/?p=5254"},"modified":"2024-04-08T14:11:06","modified_gmt":"2024-04-08T12:11:06","slug":"budowanie-rzeczy-informacja-wydarzenie-dla-grup-naukowych-8-centrum-szkolnego-stetten-a-k-m-na-17-05-2022","status":"publish","type":"post","link":"https:\/\/www.schulzentrum-stetten-akm.de\/pl\/budowanie-rzeczy-informacja-wydarzenie-dla-grup-naukowych-8-centrum-szkolnego-stetten-a-k-m-na-17-05-2022\/","title":{"rendered":"Zbuduj swoj\u0105 rzecz - Wydarzenie informacyjne dla grup edukacyjnych 8 o\u015brodka szkolnego Stetten a.k.M. w dniu 17.05.2022 r."},"content":{"rendered":"<p><\/p>\n\n\n\n<p>S\u0105 to imponuj\u0105ce liczby, kt\u00f3rymi bran\u017ca budowlana w Niemczech mo\u017ce pochwali\u0107 si\u0119 w ostatnim czasie.\nw Niemczech w ostatnim czasie:\noko\u0142o 12 000 praktyk zawodowych rocznie, co najmniej 820 000 pracownik\u00f3w,\noko\u0142o 117 miliard\u00f3w euro obrotu rocznie - zawody w budownictwie i rzemio\u015ble wykwalifikowanym s\u0105\natrakcyjne perspektywy na przysz\u0142o\u015b\u0107 dla m\u0142odych sta\u017cyst\u00f3w. Sektor ten jest\ndla dzia\u0142a\u0144 kwalifikacyjnych i planowania kariery, z \u017cyciorysami si\u0119gaj\u0105cymi od\nod \u015bwiadectw uko\u0144czenia szko\u0142y \u015bredniej do dyplom\u00f3w in\u017cynierskich nie s\u0105 rzadko\u015bci\u0105. <\/p>\n\n\n\n<p>Oficer szkoleniowy bran\u017cy budowlanej\nJ\u00fcrgen Mayer, kt\u00f3ry jako mistrz murarski podr\u00f3\u017cuje obecnie po ca\u0142ym \u015bwiecie, prowadzi\nwyk\u0142ady, podczas kt\u00f3rych daje uczniom wgl\u0105d w powszechne zawody budowlane.\nsam jest przyk\u0142adem motywacji, jak\u0105 ma ta dziedzina zawodowa\nmotywacji, kt\u00f3r\u0105 ta dziedzina zawodowa promieniuje na pracownik\u00f3w zaanga\u017cowanych w tworzenie\nwarto\u015b\u0107 rzemios\u0142a dla spo\u0142ecze\u0144stwa. W swojej urozmaiconej i pouczaj\u0105cej prezentacji\nW jego urozmaiconej i pouczaj\u0105cej prezentacji uczniowie musieli rozr\u00f3\u017cni\u0107 toromistrza od murarza.\nrozr\u00f3\u017cni\u0107 uk\u0142adacza tor\u00f3w od murarza, odpowiedzie\u0107 na pytania dotycz\u0105ce podejmowania decyzji, takie jak\nmaksymaln\u0105 pr\u0119dko\u015b\u0107 koparki lub zrozumie\u0107, w jaki spos\u00f3b tynkarz jest \"obro\u0144c\u0105 klimatu\".\nTynkarz jest \"obro\u0144c\u0105 klimatu na placu budowy\". Jego pytania quizowe s\u0105\npytaniom towarzysz\u0105 kr\u00f3tkie filmiki przedstawiaj\u0105ce typowe zawody budowlane, a w ka\u017cdym z nich\nw ka\u017cdym z nich ucze\u0144 prezentuje swoje dzia\u0142ania. Praktykant Benjamin m\u00f3wi w filmie na przyk\u0142ad\nW filmie Benjamin m\u00f3wi na przyk\u0142ad, \u017ce jest tak entuzjastycznie nastawiony do swojej pracy ze wzgl\u0119du na jej r\u00f3\u017cnorodno\u015b\u0107 - ka\u017cdy budynek jest inny.\nKa\u017cdy budynek jest inny, zawsze masz do czynienia z najr\u00f3\u017cniejszymi wymaganiami na placu budowy.\nr\u00f3\u017cnymi wymaganiami na placu budowy.<\/p>\n\n\n\n<p>Wbrew uporczywym uprzedzeniom, \u017ce zawody budowlane s\u0105 typowo m\u0119sk\u0105 domen\u0105.\ns\u0105 typowo m\u0119sk\u0105 domen\u0105, biografie takie jak ta Jule Janson z\nM\u00fchlacker pokazuj\u0105, \u017ce bran\u017ca ta mo\u017ce by\u0107 interesuj\u0105ca r\u00f3wnie\u017c dla m\u0142odych kobiet. Betoniarka\ni \u017celbetu, zwyci\u0119\u017cczyni cechu i niemiecka mistrzyni w swoim rzemio\u015ble, kt\u00f3ra w latach 90. zdoby\u0142a tytu\u0142 mistrza w swoim rzemio\u015ble.\nNiemiecka mistrzyni w swoim rzemio\u015ble, kt\u00f3ra w kr\u00f3tkim filmie opisuje swoj\u0105 karier\u0119\nstudiuje in\u017cynieri\u0119 l\u0105dow\u0105 i aspiruje do dalszej pracy jako kierownik budowy.\nbudowlanych, pozostawia m\u0142od\u0105 publiczno\u015b\u0107 na chwil\u0119 bez s\u0142owa - ma tylko 21 lat!\nma tylko 21 lat!<\/p>\n\n\n\n<p>Zabawne wydarzenie informacyjne zainspirowa\u0142o jedn\u0105 lub dwie osoby do\nzainspirowa\u0142o niekt\u00f3rych do odwiedzenia strony <em>build-your-thing.com<\/em>\nwydrukowane na o\u0142\u00f3wkach i gumkach, kt\u00f3re pan Mayer rozdaje jako upominki po wydarzeniu.\nMayer rozdaje jako prezenty po wydarzeniu: mo\u017cna tam znale\u017a\u0107 nie tylko\ninformacje o prezentowanych zawodach, ale tak\u017ce o otwartych sta\u017cach i praktykach.\nsta\u017cach i praktykach, kt\u00f3re mog\u0105 sta\u0107 si\u0119 pocz\u0105tkiem niezwyk\u0142ego CV.<\/p>","protected":false},"excerpt":{"rendered":"<p>S\u0105 to imponuj\u0105ce liczby, kt\u00f3rymi bran\u017ca budowlana w Niemczech mo\u017ce si\u0119 ostatnio pochwali\u0107: oko\u0142o 12 000 praktyk zawodowych rocznie, co najmniej 820 000 pracownik\u00f3w, oko\u0142o 117 miliard\u00f3w euro obrotu rocznie - ... <\/p>","protected":false},"author":1,"featured_media":5255,"comment_status":"closed","ping_status":"closed","sticky":false,"template":"","format":"standard","meta":{"footnotes":""},"categories":[44,1,20],"tags":[],"class_list":["post-5254","post","type-post","status-publish","format-standard","has-post-thumbnail","hentry","category-berufsorientierung","category-allgemein","category-veranstaltungen"],"_links":{"self":[{"href":"https:\/\/www.schulzentrum-stetten-akm.de\/pl\/wp-json\/wp\/v2\/posts\/5254","targetHints":{"allow":["GET"]}}],"collection":[{"href":"https:\/\/www.schulzentrum-stetten-akm.de\/pl\/wp-json\/wp\/v2\/posts"}],"about":[{"href":"https:\/\/www.schulzentrum-stetten-akm.de\/pl\/wp-json\/wp\/v2\/types\/post"}],"author":[{"embeddable":true,"href":"https:\/\/www.schulzentrum-stetten-akm.de\/pl\/wp-json\/wp\/v2\/users\/1"}],"replies":[{"embeddable":true,"href":"https:\/\/www.schulzentrum-stetten-akm.de\/pl\/wp-json\/wp\/v2\/comments?post=5254"}],"version-history":[{"count":2,"href":"https:\/\/www.schulzentrum-stetten-akm.de\/pl\/wp-json\/wp\/v2\/posts\/5254\/revisions"}],"predecessor-version":[{"id":5257,"href":"https:\/\/www.schulzentrum-stetten-akm.de\/pl\/wp-json\/wp\/v2\/posts\/5254\/revisions\/5257"}],"wp:featuredmedia":[{"embeddable":true,"href":"https:\/\/www.schulzentrum-stetten-akm.de\/pl\/wp-json\/wp\/v2\/media\/5255"}],"wp:attachment":[{"href":"https:\/\/www.schulzentrum-stetten-akm.de\/pl\/wp-json\/wp\/v2\/media?parent=5254"}],"wp:term":[{"taxonomy":"category","embeddable":true,"href":"https:\/\/www.schulzentrum-stetten-akm.de\/pl\/wp-json\/wp\/v2\/categories?post=5254"},{"taxonomy":"post_tag","embeddable":true,"href":"https:\/\/www.schulzentrum-stetten-akm.de\/pl\/wp-json\/wp\/v2\/tags?post=5254"}],"curies":[{"name":"wp","href":"https:\/\/api.w.org\/{rel}","templated":true}]}}