{"id":5145,"date":"2022-02-14T13:28:37","date_gmt":"2022-02-14T12:28:37","guid":{"rendered":"https:\/\/www.schulzentrum-stetten-akm.de\/?p=5145"},"modified":"2022-02-16T14:36:55","modified_gmt":"2022-02-16T13:36:55","slug":"od-serca-do-serca","status":"publish","type":"post","link":"https:\/\/www.schulzentrum-stetten-akm.de\/pl\/od-serca-do-serca\/","title":{"rendered":"Od serca do serca"},"content":{"rendered":"<figure class=\"wp-block-image size-large\"><img loading=\"lazy\" decoding=\"async\" width=\"1024\" height=\"986\" src=\"https:\/\/www.schulzentrum-stetten-akm.de\/wp-content\/uploads\/2022\/02\/Valentinspost-2-1024x986.jpeg\" alt=\"\" class=\"wp-image-5153\" srcset=\"https:\/\/www.schulzentrum-stetten-akm.de\/wp-content\/uploads\/2022\/02\/Valentinspost-2-1024x986.jpeg 1024w, https:\/\/www.schulzentrum-stetten-akm.de\/wp-content\/uploads\/2022\/02\/Valentinspost-2-300x289.jpeg 300w, https:\/\/www.schulzentrum-stetten-akm.de\/wp-content\/uploads\/2022\/02\/Valentinspost-2-768x739.jpeg 768w, https:\/\/www.schulzentrum-stetten-akm.de\/wp-content\/uploads\/2022\/02\/Valentinspost-2-1536x1479.jpeg 1536w, https:\/\/www.schulzentrum-stetten-akm.de\/wp-content\/uploads\/2022\/02\/Valentinspost-2-scaled.jpeg 2048w\" sizes=\"auto, (max-width: 1024px) 100vw, 1024px\" \/><\/figure>\n\n\n\n<p>140 mi\u0142ych wiadomo\u015bci by\u0142o powodem szczeg\u00f3lnej rado\u015bci w poszczeg\u00f3lnych grupach szkolnych w dniu dzisiejszych Walentynek. Coroczna kampania walentynkowa SMV zosta\u0142a ponownie bardzo dobrze przyj\u0119ta przez spo\u0142eczno\u015b\u0107 szkoln\u0105, partner\u00f3w edukacyjnych i nauczycieli. <br>W zesz\u0142ym tygodniu partnerzy edukacyjni mogli zakupi\u0107 kartk\u0119 z listem, na kt\u00f3rej mogli wyrazi\u0107 swoje indywidualne pozdrowienia i \u017cyczenia dla odbiorcy. Projekt mi\u0142osnej kartki zosta\u0142 stworzony przez Camille Wolf z grupy edukacyjnej 8.2. <br>Kartki walentynkowe zosta\u0142y zebrane przez partner\u00f3w edukacyjnych SMV i rozdane dzi\u015b osobie z sercem wraz z czerwonym czekoladowym sercem. <br>Pi\u0119kna kartka z pewno\u015bci\u0105 pozostanie cenn\u0105 pami\u0105tk\u0105 dla jednej lub drugiej osoby...<\/p>\n\n\n\n<p><\/p>","protected":false},"excerpt":{"rendered":"<p>140 mi\u0142ych wiadomo\u015bci by\u0142o powodem szczeg\u00f3lnej rado\u015bci w poszczeg\u00f3lnych grupach szkolnych o\u015brodka szkolnego dzisiaj w Walentynki. Coroczna akcja walentynkowa SMV odby\u0142a si\u0119 w tym roku ponownie w spo\u0142eczno\u015bci szkolnej.... <\/p>","protected":false},"author":1,"featured_media":5157,"comment_status":"closed","ping_status":"closed","sticky":false,"template":"","format":"standard","meta":{"footnotes":""},"categories":[1,22,26,20],"tags":[],"class_list":["post-5145","post","type-post","status-publish","format-standard","has-post-thumbnail","hentry","category-allgemein","category-schulalltag","category-schulsozialarbeit","category-veranstaltungen"],"_links":{"self":[{"href":"https:\/\/www.schulzentrum-stetten-akm.de\/pl\/wp-json\/wp\/v2\/posts\/5145","targetHints":{"allow":["GET"]}}],"collection":[{"href":"https:\/\/www.schulzentrum-stetten-akm.de\/pl\/wp-json\/wp\/v2\/posts"}],"about":[{"href":"https:\/\/www.schulzentrum-stetten-akm.de\/pl\/wp-json\/wp\/v2\/types\/post"}],"author":[{"embeddable":true,"href":"https:\/\/www.schulzentrum-stetten-akm.de\/pl\/wp-json\/wp\/v2\/users\/1"}],"replies":[{"embeddable":true,"href":"https:\/\/www.schulzentrum-stetten-akm.de\/pl\/wp-json\/wp\/v2\/comments?post=5145"}],"version-history":[{"count":5,"href":"https:\/\/www.schulzentrum-stetten-akm.de\/pl\/wp-json\/wp\/v2\/posts\/5145\/revisions"}],"predecessor-version":[{"id":5160,"href":"https:\/\/www.schulzentrum-stetten-akm.de\/pl\/wp-json\/wp\/v2\/posts\/5145\/revisions\/5160"}],"wp:featuredmedia":[{"embeddable":true,"href":"https:\/\/www.schulzentrum-stetten-akm.de\/pl\/wp-json\/wp\/v2\/media\/5157"}],"wp:attachment":[{"href":"https:\/\/www.schulzentrum-stetten-akm.de\/pl\/wp-json\/wp\/v2\/media?parent=5145"}],"wp:term":[{"taxonomy":"category","embeddable":true,"href":"https:\/\/www.schulzentrum-stetten-akm.de\/pl\/wp-json\/wp\/v2\/categories?post=5145"},{"taxonomy":"post_tag","embeddable":true,"href":"https:\/\/www.schulzentrum-stetten-akm.de\/pl\/wp-json\/wp\/v2\/tags?post=5145"}],"curies":[{"name":"wp","href":"https:\/\/api.w.org\/{rel}","templated":true}]}}