{"id":5052,"date":"2021-11-15T13:22:55","date_gmt":"2021-11-15T12:22:55","guid":{"rendered":"https:\/\/www.schulzentrum-stetten-akm.de\/?p=5052"},"modified":"2022-04-07T11:22:46","modified_gmt":"2022-04-07T09:22:46","slug":"volkstrauertag-in-stetten-mahnende-worte-der-jungen-generation","status":"publish","type":"post","link":"https:\/\/www.schulzentrum-stetten-akm.de\/pl\/volkstrauertag-in-stetten-mahnende-worte-der-jungen-generation\/","title":{"rendered":"Dzie\u0144 Pami\u0119ci w Stetten: s\u0142owa przypomnienia od m\u0142odego pokolenia"},"content":{"rendered":"<p>Zgodnie z tradycj\u0105\nGmina Stetten am kalten Markt upami\u0119tni\u0142a wczorajszy Volkstrauertag poprzez\nnabo\u017ce\u0144stwem upami\u0119tniaj\u0105cym ofiary i poleg\u0142ych w obu wojnach \u015bwiatowych. <\/p>\n\n\n\n<p>Burmistrz\nLehn szczeg\u00f3lnie pochwali\u0142 zaanga\u017cowanie partner\u00f3w edukacyjnych z grupy edukacyjnej 9 o\u015brodka szkolnego.\nkt\u00f3rzy przed z\u0142o\u017ceniem wie\u0144c\u00f3w odczytali w\u0142asny wk\u0142ad w upami\u0119tnienie ofiar wojny.\nprzed z\u0142o\u017ceniem wie\u0144c\u00f3w pod pomnikiem wojennym na dziedzi\u0144cu zamkowym.\nzosta\u0142y z\u0142o\u017cone.<\/p>\n\n\n\n<p>Wk\u0142ad partner\u00f3w edukacyjnych\ni partner\u00f3w do nauki czytania: <\/p>\n\n\n\n<p><em>Louis: <\/em><\/p>\n\n\n\n<p><em>Kiedy dziecko\ndziecko dorasta z krytyk\u0105 - uczy si\u0119 ocenia\u0107!<\/em><\/p>\n\n\n\n<p><em>Je\u015bli dziecko\ndorasta z nienawi\u015bci\u0105 - uczy si\u0119 walczy\u0107!<\/em><\/p>\n\n\n\n<p><em>Je\u015bli dziecko dorasta\ndziecko dorasta z drwinami - uczy si\u0119 nie\u015bmia\u0142o\u015bci!<\/em><\/p>\n\n\n\n<p><em>Kiedy dziecko\nJe\u015bli dziecko dorasta ze wstydem - uczy si\u0119 poczucia winy!<\/em><\/p>\n\n\n\n<p><em>Je\u015bli dziecko\ndorasta z tolerancj\u0105 - uczy si\u0119 cierpliwo\u015bci!<\/em><\/p>\n\n\n\n<p><em>Kiedy dziecko\ndziecko dorasta z zach\u0119t\u0105 - uczy si\u0119 pewno\u015bci siebie!<\/em><\/p>\n\n\n\n<p><em>Kiedy dziecko\nJe\u015bli dziecko dorasta z pochwa\u0142ami - uczy si\u0119 wdzi\u0119czno\u015bci!<\/em><\/p>\n\n\n\n<p><em>Je\u015bli dziecko dorasta\ndorasta w szczero\u015bci - uczy si\u0119 by\u0107 sprawiedliwym!<\/em><\/p>\n\n\n\n<p><em>Kiedy\nDziecko dorasta w poczuciu bezpiecze\u0144stwa - uczy si\u0119 pewno\u015bci siebie!<\/em><\/p>\n\n\n\n<p><em>Kiedy dziecko\ndziecko dorasta z uznaniem - uczy si\u0119 docenia\u0107 siebie!<\/em><\/p>\n\n\n\n<p><em>Je\u015bli dziecko dorasta\ndorasta z \u017cyczliwo\u015bci\u0105 i dobroci\u0105 - uczy si\u0119 kocha\u0107 \u015bwiat!<\/em><\/p>\n\n\n\n<p><em>Julian:<\/em><\/p>\n\n\n\n<p><em>Ten dzie\u0144\npowinien nauczy\u0107 nas, \u017ce b\u0142\u0119dem jest czekanie, a\u017c w\u0142adza i okropie\u0144stwa\nokropno\u015bci dyktatury stan\u0105 si\u0119 niezmierzone. Musimy chroni\u0107 demokracj\u0119\ndemokracj\u0119 i zrobi\u0107 wszystko, co w naszej mocy, aby zapewni\u0107, \u017ce nie stanie si\u0119 to w przysz\u0142o\u015bci. <\/em><em>ofiar\u0105 fa\u0142szywego idealizmu i\n\u015blepej lojalno\u015bci. <\/em><em><\/em><\/p>\n\n\n\n<p><em>Gina:<\/em><\/p>\n\n\n\n<p><em>My, dzieci i m\u0142odzi ludzie w Niemczech, mamy to szcz\u0119\u015bcie, \u017ce sami nigdy nie do\u015bwiadczyli\u015bmy wojny.\nwojny, a jednak s\u0142yszymy i widzimy w wiadomo\u015bciach i mediach spo\u0142eczno\u015bciowych\ni mediach spo\u0142eczno\u015bciowych, jak straszne jest to dla innych w naszym wieku w innych krajach.\nw naszym wieku w innych krajach. Dzi\u015b chcemy pomy\u015ble\u0107 o tych dzieciach i\ni m\u0142odych ludziach i mie\u0107 dla nich nadziej\u0119, \u017ce przetrwaj\u0105 ten czas jak najlepiej.\njak to tylko mo\u017cliwe.<\/em><\/p>\n\n\n\n<p><em>Wannessa:<\/em><\/p>\n\n\n\n<p><em>Czas wojen \u015bwiatowych zmusi\u0142 wielu ludzi do rozpocz\u0119cia \u017cycia zupe\u0142nie od nowa. Na zgliszczach swoich maj\u0105tk\u00f3w lub w innych krajach. Dzi\u015b r\u00f3wnie\u017c wiele os\u00f3b musi porzuci\u0107 swoje stare \u017cycie i rozpocz\u0105\u0107 je od nowa. Pami\u0119taj\u0105c o ludziach z tamtych czas\u00f3w, mo\u017cemy by\u0107 mo\u017ce rozwin\u0105\u0107 nieco wi\u0119cej zrozumienia dla dzisiejszych ludzi, kt\u00f3rzy znale\u017ali si\u0119 w takiej sytuacji nie z w\u0142asnej winy.<\/em><\/p>\n\n\n\n<p><em>Phillipp:<\/em><\/p>\n\n\n\n<p><em>Dzie\u0144 Pami\u0119ci. Dzie\u0144, w kt\u00f3rym ca\u0142y nar\u00f3d \u0142\u0105czy si\u0119, aby pami\u0119ta\u0107 o strasznych wydarzeniach z przesz\u0142o\u015bci.\nwydarzenia z przesz\u0142o\u015bci. Wykorzystajmy t\u0119 okazj\u0119\naby przypomnie\u0107 sobie, \u017ce musimy stan\u0105\u0107 razem, aby wydarzenia z historii si\u0119 nie powt\u00f3rzy\u0142y.\nRazem, aby wydarzenia z historii si\u0119 nie powt\u00f3rzy\u0142y. Bez wzgl\u0119du na to\nNiezale\u017cnie od tego, sk\u0105d pochodzimy, patrzmy razem w przysz\u0142o\u015b\u0107 i nie dajmy si\u0119 podzieli\u0107 w trudnych sytuacjach.\npodzieleni w trudnych sytuacjach. <\/em><\/p>\n\n\n\n<p><em>Vanessa <\/em><\/p>\n\n\n\n<p><em>Pami\u0119tamy o poleg\u0142ych \u017co\u0142nierzach, wi\u0119\u017aniach i wszystkich tych, kt\u00f3rzy byli \u015bwiadkami przemocy, zniszczenia i \u017ca\u0142oby. Pami\u0119tamy tych, kt\u00f3rzy po\u015bwi\u0119cili si\u0119 i stan\u0119li razem. Bez nich mogliby\u015bmy nie by\u0107 tu, gdzie jeste\u015bmy dzisiaj.<\/em><\/p>\n\n\n\n<p><em>Sina<\/em><\/p>\n\n\n\n<p><em>Dzi\u015b wspominamy ludzi, kt\u00f3rzy nie mieli szcz\u0119\u015bcia umrze\u0107 po d\u0142ugim i spe\u0142nionym \u017cyciu.\npo d\u0142ugim i spe\u0142nionym \u017cyciu, ale tych, kt\u00f3rzy nie mieli jeszcze\n\u017cycia, kt\u00f3rzy zostali wyrwani ze swojego \u017cycia i stali si\u0119 ofiarami obu wojen \u015bwiatowych i narodowego socjalizmu.\nobu wojen \u015bwiatowych i narodowego socjalizmu.<\/em><\/p>\n\n\n\n<p><em>Jacek<\/em><\/p>\n\n\n\n<p><em>Tak wielu ludzi zgin\u0119\u0142o na wojnie. W niekt\u00f3rych\nwojna w niekt\u00f3rych krajach. To musi si\u0119 sko\u0144czy\u0107. Ale jest te\u017c przemoc w codziennym \u017cyciu.\n\u017cyciu codziennym. Dzieci s\u0105 bite przez innych lub uderzane. Powinni\u015bmy\nPowinni\u015bmy uczy\u0107 si\u0119 na b\u0142\u0119dach i nie powtarza\u0107 b\u0142\u0119d\u00f3w historii.\nPowinni\u015bmy dawa\u0107 zamiast bra\u0107. <\/em><\/p>\n\n\n\n<p><em>Jonas<\/em><\/p>\n\n\n\n<p><em>Trwa\u0142ego pokoju nie mo\u017cna osi\u0105gn\u0105\u0107 za pomoc\u0105 gr\u00f3\u017ab, ale tylko poprzez szczere pr\u00f3by ustanowienia wzajemnego zaufania.\nale tylko poprzez uczciw\u0105 pr\u00f3b\u0119 ustanowienia wzajemnego zaufania.<\/em><\/p>\n\n\n\n<p><em>Dawid<\/em><\/p>\n\n\n\n<p><em>Nasze \u017cycie jest naznaczone nadziej\u0105 na pojednanie i pok\u00f3j mi\u0119dzy lud\u017ami i narodami. To jest nasza odpowiedzialno\u015b\u0107 jako m\u0142odego pokolenia w kraju i na \u015bwiecie.<\/em> <em>chc\u0105 postrzega\u0107.<\/em><\/p>","protected":false},"excerpt":{"rendered":"<p>Zgodnie z tradycj\u0105, gmina Stetten am kalten Markt upami\u0119tni\u0142a wczorajszy Dzie\u0144 \u017ba\u0142oby Narodowej nabo\u017ce\u0144stwem \u017ca\u0142obnym za ofiary i poleg\u0142ych w obu wojnach \u015bwiatowych. Burmistrz Lehn szczeg\u00f3lnie pochwali\u0142 zaanga\u017cowanie partner\u00f3w edukacyjnych ... <\/p>","protected":false},"author":1,"featured_media":5053,"comment_status":"closed","ping_status":"closed","sticky":false,"template":"","format":"standard","meta":{"footnotes":""},"categories":[1,21,20],"tags":[],"class_list":["post-5052","post","type-post","status-publish","format-standard","has-post-thumbnail","hentry","category-allgemein","category-exkursionen-und-lerngaenge","category-veranstaltungen"],"_links":{"self":[{"href":"https:\/\/www.schulzentrum-stetten-akm.de\/pl\/wp-json\/wp\/v2\/posts\/5052","targetHints":{"allow":["GET"]}}],"collection":[{"href":"https:\/\/www.schulzentrum-stetten-akm.de\/pl\/wp-json\/wp\/v2\/posts"}],"about":[{"href":"https:\/\/www.schulzentrum-stetten-akm.de\/pl\/wp-json\/wp\/v2\/types\/post"}],"author":[{"embeddable":true,"href":"https:\/\/www.schulzentrum-stetten-akm.de\/pl\/wp-json\/wp\/v2\/users\/1"}],"replies":[{"embeddable":true,"href":"https:\/\/www.schulzentrum-stetten-akm.de\/pl\/wp-json\/wp\/v2\/comments?post=5052"}],"version-history":[{"count":2,"href":"https:\/\/www.schulzentrum-stetten-akm.de\/pl\/wp-json\/wp\/v2\/posts\/5052\/revisions"}],"predecessor-version":[{"id":5055,"href":"https:\/\/www.schulzentrum-stetten-akm.de\/pl\/wp-json\/wp\/v2\/posts\/5052\/revisions\/5055"}],"wp:featuredmedia":[{"embeddable":true,"href":"https:\/\/www.schulzentrum-stetten-akm.de\/pl\/wp-json\/wp\/v2\/media\/5053"}],"wp:attachment":[{"href":"https:\/\/www.schulzentrum-stetten-akm.de\/pl\/wp-json\/wp\/v2\/media?parent=5052"}],"wp:term":[{"taxonomy":"category","embeddable":true,"href":"https:\/\/www.schulzentrum-stetten-akm.de\/pl\/wp-json\/wp\/v2\/categories?post=5052"},{"taxonomy":"post_tag","embeddable":true,"href":"https:\/\/www.schulzentrum-stetten-akm.de\/pl\/wp-json\/wp\/v2\/tags?post=5052"}],"curies":[{"name":"wp","href":"https:\/\/api.w.org\/{rel}","templated":true}]}}