{"id":5031,"date":"2021-10-18T12:27:03","date_gmt":"2021-10-18T10:27:03","guid":{"rendered":"https:\/\/www.schulzentrum-stetten-akm.de\/?p=5031"},"modified":"2022-02-16T14:37:57","modified_gmt":"2022-02-16T13:37:57","slug":"learning-group-6-visits-the-magic-apprentice","status":"publish","type":"post","link":"https:\/\/www.schulzentrum-stetten-akm.de\/pl\/learning-group-6-visits-the-magic-apprentice\/","title":{"rendered":"Grupa edukacyjna 6 odwiedza \"Ucznia czarnoksi\u0119\u017cnika\"."},"content":{"rendered":"<p class=\"has-small-font-size\"><strong>Artyku\u0142 autorstwa Jennifer Sieber, Learning Group 6.1<\/strong><\/p>\n\n\n\n<p><strong>Gdzie<\/strong>?                     Ratusz Hechingen<\/p>\n\n\n\n<p><strong>Ocena<\/strong>da\u0142bym teatrowi 10 na 10 punkt\u00f3w\n- zapraszam do obejrzenia!<\/p>\n\n\n\n<p><strong>Napisane przez:<\/strong>\nJennifer Sieber, 12 lat<\/p>\n\n\n\n<p><strong>Co wydarzy\u0142o si\u0119 w \"Uczniu czarnoksi\u0119\u017cnika\"?<\/strong>:\n<\/p>\n\n\n\n<p>Jak sama nazwa wskazuje, opowiada\u0142 o uczniu czarnoksi\u0119\u017cnika,\nkt\u00f3ry musia\u0142 sprz\u0105ta\u0107, wiesza\u0107 pranie i wiele wi\u0119cej. Jego mistrz\nmusia\u0142 podr\u00f3\u017cowa\u0107 do Blocksberg, poniewa\u017c chcia\u0142 by\u0107 najpot\u0119\u017cniejszym magiem.\nczarodziej. <\/p>\n\n\n\n<p>Czarodziej mia\u0142 ksi\u0119g\u0119 pe\u0142n\u0105 zakl\u0119\u0107, do kt\u00f3rej nikomu nie wolno by\u0142o zagl\u0105da\u0107.\nnie wolno by\u0142o do niej zagl\u0105da\u0107. Ale kiedy czarodziej odszed\u0142, jego ucze\u0144 zajrza\u0142 do ksi\u0119gi zakl\u0119\u0107, aby powiesi\u0107 pranie.\n\u017ceby rozwiesi\u0107 pranie, ale jako\u015b nie zadzia\u0142a\u0142o.\nnie zadzia\u0142a\u0142o. Ucze\u0144 zapl\u0105ta\u0142 si\u0119 w sznur do bielizny i zrobi\u0142 wszystko \u017ale.\n<\/p>\n\n\n\n<p>Kiedy czarodziej wr\u00f3ci\u0142 i zobaczy\u0142 ba\u0142agan, kaza\u0142 swojemu uczniowi posprz\u0105ta\u0107.\nkaza\u0142 swojemu uczniowi wszystko posprz\u0105ta\u0107. Kiedy mia\u0142 zamiar opu\u015bci\u0107 pok\u00f3j, nadepn\u0105\u0142 na\n\"lataj\u0105c\u0105 obr\u0119cz\", ale nie dzia\u0142a\u0142a tak, jak powinna.\njak powinno. Tak wi\u0119c magik utkn\u0105\u0142 w obr\u0119czy i j\u0105ka\u0142 si\u0119, \u017ce jego ucze\u0144 powinien\nzajrze\u0107 do ksi\u0119gi zakl\u0119\u0107. Ucze\u0144 pocz\u0105tkowo nie chcia\u0142 tego zrobi\u0107, ale\nale potem to zrobi\u0142 i zatrzyma\u0142 magi\u0119 opony. <\/p>\n\n\n\n<p>W nagrod\u0119 upiekli dla praktykanta magiczne ciasto.\nmagiczne ciasto.<\/p>","protected":false},"excerpt":{"rendered":"<p>Artyku\u0142 autorstwa Jennifer Sieber, Learning Group 6.1 Gdzie?                     Stadthalle Hechingen Ocena: Da\u0142bym teatrowi 10 na 10 punkt\u00f3w - Zapraszam do sprawdzenia! Napisane przez: Jennifer ... <\/p>","protected":false},"author":1,"featured_media":5032,"comment_status":"closed","ping_status":"closed","sticky":false,"template":"","format":"standard","meta":{"footnotes":""},"categories":[1,21],"tags":[],"class_list":["post-5031","post","type-post","status-publish","format-standard","has-post-thumbnail","hentry","category-allgemein","category-exkursionen-und-lerngaenge"],"_links":{"self":[{"href":"https:\/\/www.schulzentrum-stetten-akm.de\/pl\/wp-json\/wp\/v2\/posts\/5031","targetHints":{"allow":["GET"]}}],"collection":[{"href":"https:\/\/www.schulzentrum-stetten-akm.de\/pl\/wp-json\/wp\/v2\/posts"}],"about":[{"href":"https:\/\/www.schulzentrum-stetten-akm.de\/pl\/wp-json\/wp\/v2\/types\/post"}],"author":[{"embeddable":true,"href":"https:\/\/www.schulzentrum-stetten-akm.de\/pl\/wp-json\/wp\/v2\/users\/1"}],"replies":[{"embeddable":true,"href":"https:\/\/www.schulzentrum-stetten-akm.de\/pl\/wp-json\/wp\/v2\/comments?post=5031"}],"version-history":[{"count":2,"href":"https:\/\/www.schulzentrum-stetten-akm.de\/pl\/wp-json\/wp\/v2\/posts\/5031\/revisions"}],"predecessor-version":[{"id":5034,"href":"https:\/\/www.schulzentrum-stetten-akm.de\/pl\/wp-json\/wp\/v2\/posts\/5031\/revisions\/5034"}],"wp:featuredmedia":[{"embeddable":true,"href":"https:\/\/www.schulzentrum-stetten-akm.de\/pl\/wp-json\/wp\/v2\/media\/5032"}],"wp:attachment":[{"href":"https:\/\/www.schulzentrum-stetten-akm.de\/pl\/wp-json\/wp\/v2\/media?parent=5031"}],"wp:term":[{"taxonomy":"category","embeddable":true,"href":"https:\/\/www.schulzentrum-stetten-akm.de\/pl\/wp-json\/wp\/v2\/categories?post=5031"},{"taxonomy":"post_tag","embeddable":true,"href":"https:\/\/www.schulzentrum-stetten-akm.de\/pl\/wp-json\/wp\/v2\/tags?post=5031"}],"curies":[{"name":"wp","href":"https:\/\/api.w.org\/{rel}","templated":true}]}}