{"id":4957,"date":"2021-09-15T16:09:04","date_gmt":"2021-09-15T14:09:04","guid":{"rendered":"https:\/\/www.schulzentrum-stetten-akm.de\/?p=4957"},"modified":"2024-07-22T19:00:08","modified_gmt":"2024-07-22T17:00:08","slug":"zapisy-celebracja-nowych-grup-naukowych-5","status":"publish","type":"post","link":"https:\/\/www.schulzentrum-stetten-akm.de\/pl\/zapisy-celebracja-nowych-grup-naukowych-5\/","title":{"rendered":"Ceremonia zapis\u00f3w do nowych grup szkoleniowych 5"},"content":{"rendered":"<p>Na pocz\u0105tku roku szkolnego, 13 wrze\u015bnia, o\u015brodek szkolny Stetten a.k.M. powita\u0142 41 nowych partner\u00f3w edukacyjnych z tegorocznej grupy edukacyjnej 5 szko\u0142y spo\u0142ecznej. Dyrektor Christof Probst i wicedyrektor J\u00fcrgen Lebherz powitali rodzic\u00f3w i uczni\u00f3w w Alemannenhalle o\u015brodka szkolnego i pochwalili znacz\u0105ce osi\u0105gni\u0119cia szko\u0142y, nawet w warunkach pandemii, a tak\u017ce jej zmotywowan\u0105 kadr\u0119 nauczycielsk\u0105, kt\u00f3ra zapewni nowym uczniom bardzo dobry start na nowym etapie \u017cycia.<br \/>Dwa zespo\u0142y ucz\u0105ce si\u0119 nr 5 mog\u0142y pozna\u0107 swoje przysz\u0142e miejsce nauki podczas rajdu po budynku szkolnym, kt\u00f3ry zosta\u0142 przygotowany specjalnie dla nich przez zespo\u0142y ucz\u0105ce si\u0119 nr 6 z pani\u0105 Montalbano i pani\u0105 Ziegler. Ka\u017cdy nowy partner szkolny otrzyma\u0142 w\u0142asnor\u0119cznie wykonany sto\u017cek szkolny, po czym wszyscy spotkali si\u0119 w sali zespo\u0142u ucz\u0105cego si\u0119 na pierwszej sesji zapoznawczej z moderatorami zespo\u0142u ucz\u0105cego si\u0119, pani\u0105 Unger i pani\u0105 Bosch. W mi\u0119dzyczasie rodzice zostali poinformowani przez nauczycieli pani\u0105 Schmitz, pani\u0105 Wohlleben i pana Lebherza o nauce w szkole spo\u0142ecznej. Dzi\u0119ki r\u00f3\u017cnym poziomom nauczania i naciskowi na w\u0142asn\u0105 niezale\u017cno\u015b\u0107 w nauce i pracy, szko\u0142a spo\u0142eczna oferuje m\u0142odym ludziom korzystn\u0105 alternatyw\u0119 jako form\u0119 szko\u0142y, kt\u00f3ra szczeg\u00f3lnie koncentruje si\u0119 na mo\u017cliwo\u015bciach rozwoju osobistego poszczeg\u00f3lnych uczni\u00f3w.<\/p>\n<p>Anschlie\u00dfend konnten Eltern und Lehrkr\u00e4fte sich bei einem kleinen Imbiss im Elterncaf\u00e9 austauschen, wo sie von Lernpartnern aus Lerngruppe 8 &#8211; Joana Wetterer, Lena Werner, Sarah Ruf, Denise Ciliberto, Kyara Ackermann und Felix Buhl &#8211; zusammen mit ihrer AES-Lehrerin Frau Wolfram herzlich bewirtet wurden.<\/p>","protected":false},"excerpt":{"rendered":"<p>Na pocz\u0105tku roku szkolnego, 13 wrze\u015bnia, o\u015brodek szkolny Stetten a.k.M. powita\u0142 41 nowych partner\u00f3w edukacyjnych tegorocznej grupy edukacyjnej 5 szko\u0142y spo\u0142ecznej. Dyrektor Christof Probst i wicedyrektor J\u00fcrgen Lebherz powitali rodzic\u00f3w i uczni\u00f3w ... <\/p>","protected":false},"author":1,"featured_media":4958,"comment_status":"closed","ping_status":"closed","sticky":false,"template":"","format":"standard","meta":{"footnotes":""},"categories":[1,20],"tags":[],"class_list":["post-4957","post","type-post","status-publish","format-standard","has-post-thumbnail","hentry","category-allgemein","category-veranstaltungen"],"_links":{"self":[{"href":"https:\/\/www.schulzentrum-stetten-akm.de\/pl\/wp-json\/wp\/v2\/posts\/4957","targetHints":{"allow":["GET"]}}],"collection":[{"href":"https:\/\/www.schulzentrum-stetten-akm.de\/pl\/wp-json\/wp\/v2\/posts"}],"about":[{"href":"https:\/\/www.schulzentrum-stetten-akm.de\/pl\/wp-json\/wp\/v2\/types\/post"}],"author":[{"embeddable":true,"href":"https:\/\/www.schulzentrum-stetten-akm.de\/pl\/wp-json\/wp\/v2\/users\/1"}],"replies":[{"embeddable":true,"href":"https:\/\/www.schulzentrum-stetten-akm.de\/pl\/wp-json\/wp\/v2\/comments?post=4957"}],"version-history":[{"count":2,"href":"https:\/\/www.schulzentrum-stetten-akm.de\/pl\/wp-json\/wp\/v2\/posts\/4957\/revisions"}],"predecessor-version":[{"id":7137,"href":"https:\/\/www.schulzentrum-stetten-akm.de\/pl\/wp-json\/wp\/v2\/posts\/4957\/revisions\/7137"}],"wp:featuredmedia":[{"embeddable":true,"href":"https:\/\/www.schulzentrum-stetten-akm.de\/pl\/wp-json\/wp\/v2\/media\/4958"}],"wp:attachment":[{"href":"https:\/\/www.schulzentrum-stetten-akm.de\/pl\/wp-json\/wp\/v2\/media?parent=4957"}],"wp:term":[{"taxonomy":"category","embeddable":true,"href":"https:\/\/www.schulzentrum-stetten-akm.de\/pl\/wp-json\/wp\/v2\/categories?post=4957"},{"taxonomy":"post_tag","embeddable":true,"href":"https:\/\/www.schulzentrum-stetten-akm.de\/pl\/wp-json\/wp\/v2\/tags?post=4957"}],"curies":[{"name":"wp","href":"https:\/\/api.w.org\/{rel}","templated":true}]}}