{"id":2274,"date":"2020-04-25T13:51:18","date_gmt":"2020-04-25T11:51:18","guid":{"rendered":"https:\/\/www.schulzentrum-stetten-akm.de\/?p=2274"},"modified":"2020-05-19T11:19:42","modified_gmt":"2020-05-19T09:19:42","slug":"stetten-naeht-masken","status":"publish","type":"post","link":"https:\/\/www.schulzentrum-stetten-akm.de\/pl\/stetten-naeht-masken\/","title":{"rendered":"Stetten szyje maski"},"content":{"rendered":"<p>Z inicjatywy naszej sta\u017cystki, pani Jessiki Zwick, powsta\u0142y trzy instrukcje szycia maseczek na twarz, kt\u00f3re w mi\u0119dzyczasie zosta\u0142y przetestowane i rozwini\u0119te przez nauczycielki, pani\u0105 Elke Henle i pani\u0105 Carolin Nipp.  Wsp\u00f3lnie z pani\u0105 Sonj\u0105 Schwenk, kt\u00f3ra pracuje w ca\u0142odziennej opiece, stworzono ju\u017c kilka \"prototyp\u00f3w\". Od <span style=\"color: #ff0000;\">4 maja<\/span> noszenie masek ochronnych jest obowi\u0105zkowe w centrum szkolnym. Nast\u0119pnie nasze 9- i 10-latki r\u00f3wnie\u017c ponownie rozpoczynaj\u0105 przygotowania do egzamin\u00f3w (tutaj jest <a href=\"https:\/\/www.schulzentrum-stetten-akm.de\/wp-content\/uploads\/2020\/04\/Brief-Lernpartner_24.04.2020-1.pdf\">List informacyjny<\/a> Po\u017c\u0105dane jest, aby do tego czasu jak najwi\u0119cej partner\u00f3w edukacyjnych zosta\u0142o wyposa\u017conych. Dlatego w przysz\u0142ym tygodniu maski b\u0119d\u0105 pilnie produkowane w centrum szkolnym pod kierunkiem pani Henle i pani Schwenk, kt\u00f3re nast\u0119pnie b\u0119dzie mo\u017cna kupi\u0107 w sekretariacie za wk\u0142ad w wysoko\u015bci 3 \u20ac. Doch\u00f3d zostanie przeznaczony na SMV. Chcieliby\u015bmy podzi\u0119kowa\u0107 firmie Hemden und Blusen Sch\u00fctz GmbH Stetten a.k.M. za darowizny tkanin.<br \/><br \/><\/p>\n\n\n\n<p>Poni\u017cej znajduj\u0105 si\u0119 trzy instrukcje do pobrania:<br>1. <a href=\"https:\/\/www.schulzentrum-stetten-akm.de\/wp-content\/uploads\/2020\/04\/n\u00e4hanleitung_maske_mit_filter_brillentr\u00e4ger.pdf\">Maska z filtrem, dla os\u00f3b nosz\u0105cych okulary <\/a><br>2. <a href=\"https:\/\/www.schulzentrum-stetten-akm.de\/wp-content\/uploads\/2020\/04\/n\u00e4hanleitung_einfache-maske_typ_1.pdf\">Maska prosta - Typ1<\/a><br>3. <a href=\"https:\/\/www.schulzentrum-stetten-akm.de\/wp-content\/uploads\/2020\/04\/n\u00e4hanleitung_einfache_maske_typ_2.pdf\">Maska prosta - Typ2<\/a><\/p>\n\n\n\n<div class=\"wp-block-columns is-layout-flex wp-container-core-columns-is-layout-1 wp-block-columns-is-layout-flex\">\n<div class=\"wp-block-column is-layout-flow wp-block-column-is-layout-flow\">\n<figure class=\"wp-block-image size-large\"><img loading=\"lazy\" decoding=\"async\" width=\"768\" height=\"1024\" src=\"https:\/\/www.schulzentrum-stetten-akm.de\/wp-content\/uploads\/2020\/04\/3886c882-4396-4022-859e-0f137e1ce2ce.jpeg\" alt=\"\" class=\"wp-image-2281\" srcset=\"https:\/\/www.schulzentrum-stetten-akm.de\/wp-content\/uploads\/2020\/04\/3886c882-4396-4022-859e-0f137e1ce2ce.jpeg 768w, https:\/\/www.schulzentrum-stetten-akm.de\/wp-content\/uploads\/2020\/04\/3886c882-4396-4022-859e-0f137e1ce2ce-225x300.jpeg 225w\" sizes=\"auto, (max-width: 768px) 100vw, 768px\" \/><\/figure>\n<\/div>\n\n\n\n<div class=\"wp-block-column is-layout-flow wp-block-column-is-layout-flow\">\n<figure class=\"wp-block-image size-large\"><img loading=\"lazy\" decoding=\"async\" width=\"768\" height=\"1024\" src=\"https:\/\/www.schulzentrum-stetten-akm.de\/wp-content\/uploads\/2020\/04\/e7188914-6f36-4b38-8fef-00ad00dba47d.jpeg\" alt=\"\" class=\"wp-image-2280\" srcset=\"https:\/\/www.schulzentrum-stetten-akm.de\/wp-content\/uploads\/2020\/04\/e7188914-6f36-4b38-8fef-00ad00dba47d.jpeg 768w, https:\/\/www.schulzentrum-stetten-akm.de\/wp-content\/uploads\/2020\/04\/e7188914-6f36-4b38-8fef-00ad00dba47d-225x300.jpeg 225w\" sizes=\"auto, (max-width: 768px) 100vw, 768px\" \/><\/figure>\n<\/div>\n<\/div>","protected":false},"excerpt":{"rendered":"<p>Z inicjatywy naszej sta\u017cystki, pani Jessiki Zwick, powsta\u0142y trzy instrukcje szycia maseczek na twarz, kt\u00f3re zosta\u0142y przetestowane i rozwini\u0119te przez nauczycielki, pani\u0105 Elke Henle i pani\u0105 Carolin Nipp.  ... <\/p>","protected":false},"author":1,"featured_media":2279,"comment_status":"closed","ping_status":"closed","sticky":false,"template":"","format":"standard","meta":{"footnotes":""},"categories":[1],"tags":[],"class_list":["post-2274","post","type-post","status-publish","format-standard","has-post-thumbnail","hentry","category-allgemein"],"_links":{"self":[{"href":"https:\/\/www.schulzentrum-stetten-akm.de\/pl\/wp-json\/wp\/v2\/posts\/2274","targetHints":{"allow":["GET"]}}],"collection":[{"href":"https:\/\/www.schulzentrum-stetten-akm.de\/pl\/wp-json\/wp\/v2\/posts"}],"about":[{"href":"https:\/\/www.schulzentrum-stetten-akm.de\/pl\/wp-json\/wp\/v2\/types\/post"}],"author":[{"embeddable":true,"href":"https:\/\/www.schulzentrum-stetten-akm.de\/pl\/wp-json\/wp\/v2\/users\/1"}],"replies":[{"embeddable":true,"href":"https:\/\/www.schulzentrum-stetten-akm.de\/pl\/wp-json\/wp\/v2\/comments?post=2274"}],"version-history":[{"count":4,"href":"https:\/\/www.schulzentrum-stetten-akm.de\/pl\/wp-json\/wp\/v2\/posts\/2274\/revisions"}],"predecessor-version":[{"id":2291,"href":"https:\/\/www.schulzentrum-stetten-akm.de\/pl\/wp-json\/wp\/v2\/posts\/2274\/revisions\/2291"}],"wp:featuredmedia":[{"embeddable":true,"href":"https:\/\/www.schulzentrum-stetten-akm.de\/pl\/wp-json\/wp\/v2\/media\/2279"}],"wp:attachment":[{"href":"https:\/\/www.schulzentrum-stetten-akm.de\/pl\/wp-json\/wp\/v2\/media?parent=2274"}],"wp:term":[{"taxonomy":"category","embeddable":true,"href":"https:\/\/www.schulzentrum-stetten-akm.de\/pl\/wp-json\/wp\/v2\/categories?post=2274"},{"taxonomy":"post_tag","embeddable":true,"href":"https:\/\/www.schulzentrum-stetten-akm.de\/pl\/wp-json\/wp\/v2\/tags?post=2274"}],"curies":[{"name":"wp","href":"https:\/\/api.w.org\/{rel}","templated":true}]}}