{"id":932,"date":"2019-12-17T10:46:21","date_gmt":"2019-12-17T09:46:21","guid":{"rendered":"https:\/\/www.schulzentrum-stetten-akm.de\/?p=932"},"modified":"2024-07-08T07:47:35","modified_gmt":"2024-07-08T05:47:35","slug":"del-bosque-vengo","status":"publish","type":"post","link":"https:\/\/www.schulzentrum-stetten-akm.de\/es\/del-bosque-vengo\/","title":{"rendered":"\"De entre los bosques vengo...\""},"content":{"rendered":"<div class=\"wp-block-media-text alignwide\"><figure class=\"wp-block-media-text__media\"><img loading=\"lazy\" decoding=\"async\" width=\"768\" height=\"1024\" src=\"https:\/\/www.schulzentrum-stetten-akm.de\/wp-content\/uploads\/2019\/12\/Nikolaus1-768x1024.jpg\" alt=\"\" class=\"wp-image-933\" srcset=\"https:\/\/www.schulzentrum-stetten-akm.de\/wp-content\/uploads\/2019\/12\/Nikolaus1-768x1024.jpg 768w, https:\/\/www.schulzentrum-stetten-akm.de\/wp-content\/uploads\/2019\/12\/Nikolaus1-225x300.jpg 225w, https:\/\/www.schulzentrum-stetten-akm.de\/wp-content\/uploads\/2019\/12\/Nikolaus1-1152x1536.jpg 1152w, https:\/\/www.schulzentrum-stetten-akm.de\/wp-content\/uploads\/2019\/12\/Nikolaus1-scaled.jpg 1536w\" sizes=\"auto, (max-width: 768px) 100vw, 768px\" \/><\/figure><div class=\"wp-block-media-text__content\">\n<p class=\"has-medium-font-size\">... con estas palabras salud\u00f3 San Nicol\u00e1s a los alumnos de primaria del centro escolar el 6 de diciembre. Por supuesto, no vino solo, sino que le acompa\u00f1aron sus \u00e1ngeles, Knecht Ruprecht y \u00a1hasta un reno! Despu\u00e9s de que los ni\u00f1os le dieran la bienvenida con una canci\u00f3n, San Nicol\u00e1s hizo balance: los alumnos hab\u00edan sido muy trabajadores, pero a veces un poco traviesos. Les inst\u00f3 a ser ordenados en el edificio de la escuela y a respetar a todos los dem\u00e1s seres humanos. Pero como en general el comportamiento era satisfactorio, San Nicol\u00e1s y sus ayudantes recompensaron a todos los ni\u00f1os con mandarinas y chocolate. Los ni\u00f1os, a su vez, le dieron las gracias con poemas y canciones antes de que Pap\u00e1 Noel se despidiera. \u00a1Hasta el a\u00f1o que viene!<\/p>\n<\/div><\/div>","protected":false},"excerpt":{"rendered":"<p>... con estas palabras salud\u00f3 San Nicol\u00e1s a los alumnos de primaria del centro escolar el 6 de diciembre. Por supuesto, no vino solo, sino que le acompa\u00f1aron sus \u00e1ngeles, Knecht Ruprecht y \u00a1hasta un reno! ... <\/p>","protected":false},"author":1,"featured_media":879,"comment_status":"closed","ping_status":"closed","sticky":false,"template":"","format":"standard","meta":{"footnotes":""},"categories":[22],"tags":[],"class_list":["post-932","post","type-post","status-publish","format-standard","has-post-thumbnail","hentry","category-schulalltag"],"_links":{"self":[{"href":"https:\/\/www.schulzentrum-stetten-akm.de\/es\/wp-json\/wp\/v2\/posts\/932","targetHints":{"allow":["GET"]}}],"collection":[{"href":"https:\/\/www.schulzentrum-stetten-akm.de\/es\/wp-json\/wp\/v2\/posts"}],"about":[{"href":"https:\/\/www.schulzentrum-stetten-akm.de\/es\/wp-json\/wp\/v2\/types\/post"}],"author":[{"embeddable":true,"href":"https:\/\/www.schulzentrum-stetten-akm.de\/es\/wp-json\/wp\/v2\/users\/1"}],"replies":[{"embeddable":true,"href":"https:\/\/www.schulzentrum-stetten-akm.de\/es\/wp-json\/wp\/v2\/comments?post=932"}],"version-history":[{"count":2,"href":"https:\/\/www.schulzentrum-stetten-akm.de\/es\/wp-json\/wp\/v2\/posts\/932\/revisions"}],"predecessor-version":[{"id":935,"href":"https:\/\/www.schulzentrum-stetten-akm.de\/es\/wp-json\/wp\/v2\/posts\/932\/revisions\/935"}],"wp:featuredmedia":[{"embeddable":true,"href":"https:\/\/www.schulzentrum-stetten-akm.de\/es\/wp-json\/wp\/v2\/media\/879"}],"wp:attachment":[{"href":"https:\/\/www.schulzentrum-stetten-akm.de\/es\/wp-json\/wp\/v2\/media?parent=932"}],"wp:term":[{"taxonomy":"category","embeddable":true,"href":"https:\/\/www.schulzentrum-stetten-akm.de\/es\/wp-json\/wp\/v2\/categories?post=932"},{"taxonomy":"post_tag","embeddable":true,"href":"https:\/\/www.schulzentrum-stetten-akm.de\/es\/wp-json\/wp\/v2\/tags?post=932"}],"curies":[{"name":"wp","href":"https:\/\/api.w.org\/{rel}","templated":true}]}}