{"id":8602,"date":"2025-11-17T11:05:49","date_gmt":"2025-11-17T10:05:49","guid":{"rendered":"https:\/\/www.schulzentrum-stetten-akm.de\/?p=8602"},"modified":"2025-11-17T19:24:07","modified_gmt":"2025-11-17T18:24:07","slug":"9er-entdecken-berufe-in-mariaberg","status":"publish","type":"post","link":"https:\/\/www.schulzentrum-stetten-akm.de\/es\/9er-entdecken-berufe-in-mariaberg\/","title":{"rendered":"9er entdecken Berufe in Mariaberg"},"content":{"rendered":"<p><\/p>\n\n\n\n<p><br>Am Mittwoch, den 12. November besuchten die beiden 9. Klassen unserer Schule das Mariaberg-Gel\u00e4nde zum \u201eTag der Ausbildung\u201c. Ein von Mariaberg organisierter Shuttlebus brachte die Sch\u00fcler bequem direkt zum Veranstaltungsort.<\/p>\n\n\n\n<p>In der gro\u00dfen Halle erwartete die Lernpartner ein vielf\u00e4ltiges Angebot: Insgesamt pr\u00e4sentierten sich 17 Ausbildungsberufe aus den Bereichen P\u00e4dagogik und Pflege, Handwerk, Industrie, Gartenbau, B\u00fcro, IT, Handel, Gastronomie, Ern\u00e4hrung, Hauswirtschaft sowie die Freiwilligendienste. Begleitet wurden die Klassen von Frau Gruber, Herrn Hotz und Frau Reinberger.<\/p>\n\n\n\n<p>An den zahlreichen Messest\u00e4nden konnten die Jugendlichen die verschiedenen Berufe hautnah erleben: Sie bauten einen Stromkreis, tapezierten eine Wand, verlegten Fliesen oder arbeiteten mit einer Bodenpoliermaschine. Viele St\u00e4nde hielten zudem kleine Give-aways bereit.<\/p>\n\n\n\n<p>Ein besonderes Highlight war das Pizzabacken am Stand der B\u00e4cker \u2013 eine gelungene Verbindung aus Teamarbeit und praktischer Erfahrung. Auch f\u00fcr das leibliche Wohl war rundum gesorgt.<\/p>\n\n\n\n<p>Der Tag bot den Lernenden wertvolle Einblicke in vielf\u00e4ltige Ausbildungswege und st\u00e4rkte hoffentlich den Ansporn, sich fr\u00fchzeitig mit m\u00f6glichen Berufswegen auseinanderzusetzen und diese auszuprobieren. Ein herzlicher Dank geht an Mariaberg f\u00fcr die hervorragende Organisation und die spannenden Einblicke in die Berufswelt von heute.<\/p>\n\n\n\n<figure class=\"wp-block-image size-large\"><img loading=\"lazy\" decoding=\"async\" width=\"1024\" height=\"768\" src=\"https:\/\/www.schulzentrum-stetten-akm.de\/wp-content\/uploads\/2025\/11\/20251112_110601-1024x768.jpg\" alt=\"\" class=\"wp-image-8607\" srcset=\"https:\/\/www.schulzentrum-stetten-akm.de\/wp-content\/uploads\/2025\/11\/20251112_110601-1024x768.jpg 1024w, https:\/\/www.schulzentrum-stetten-akm.de\/wp-content\/uploads\/2025\/11\/20251112_110601-300x225.jpg 300w, https:\/\/www.schulzentrum-stetten-akm.de\/wp-content\/uploads\/2025\/11\/20251112_110601-768x576.jpg 768w, https:\/\/www.schulzentrum-stetten-akm.de\/wp-content\/uploads\/2025\/11\/20251112_110601-1536x1152.jpg 1536w, https:\/\/www.schulzentrum-stetten-akm.de\/wp-content\/uploads\/2025\/11\/20251112_110601-scaled.jpg 2048w, https:\/\/www.schulzentrum-stetten-akm.de\/wp-content\/uploads\/2025\/11\/20251112_110601-16x12.jpg 16w\" sizes=\"auto, (max-width: 1024px) 100vw, 1024px\" \/><\/figure>\n\n\n\n<figure class=\"wp-block-image size-large\"><img loading=\"lazy\" decoding=\"async\" width=\"768\" height=\"1024\" src=\"https:\/\/www.schulzentrum-stetten-akm.de\/wp-content\/uploads\/2025\/11\/20251112_101511-768x1024.jpg\" alt=\"\" class=\"wp-image-8609\" srcset=\"https:\/\/www.schulzentrum-stetten-akm.de\/wp-content\/uploads\/2025\/11\/20251112_101511-768x1024.jpg 768w, https:\/\/www.schulzentrum-stetten-akm.de\/wp-content\/uploads\/2025\/11\/20251112_101511-225x300.jpg 225w, https:\/\/www.schulzentrum-stetten-akm.de\/wp-content\/uploads\/2025\/11\/20251112_101511-1152x1536.jpg 1152w, https:\/\/www.schulzentrum-stetten-akm.de\/wp-content\/uploads\/2025\/11\/20251112_101511-scaled.jpg 1536w, https:\/\/www.schulzentrum-stetten-akm.de\/wp-content\/uploads\/2025\/11\/20251112_101511-9x12.jpg 9w\" sizes=\"auto, (max-width: 768px) 100vw, 768px\" \/><\/figure>\n\n\n\n\n\n<p>Quelle: Jessica Reinberger<\/p>","protected":false},"excerpt":{"rendered":"<p>Am Mittwoch, den 12. November besuchten die beiden 9. Klassen unserer Schule das Mariaberg-Gel\u00e4nde zum \u201eTag der Ausbildung\u201c. Ein von Mariaberg organisierter Shuttlebus brachte die Sch\u00fcler bequem direkt zum Veranstaltungsort. &hellip; <\/p>","protected":false},"author":26,"featured_media":8606,"comment_status":"closed","ping_status":"closed","sticky":false,"template":"","format":"standard","meta":{"footnotes":""},"categories":[44,1],"tags":[],"class_list":["post-8602","post","type-post","status-publish","format-standard","has-post-thumbnail","hentry","category-berufsorientierung","category-allgemein"],"_links":{"self":[{"href":"https:\/\/www.schulzentrum-stetten-akm.de\/es\/wp-json\/wp\/v2\/posts\/8602","targetHints":{"allow":["GET"]}}],"collection":[{"href":"https:\/\/www.schulzentrum-stetten-akm.de\/es\/wp-json\/wp\/v2\/posts"}],"about":[{"href":"https:\/\/www.schulzentrum-stetten-akm.de\/es\/wp-json\/wp\/v2\/types\/post"}],"author":[{"embeddable":true,"href":"https:\/\/www.schulzentrum-stetten-akm.de\/es\/wp-json\/wp\/v2\/users\/26"}],"replies":[{"embeddable":true,"href":"https:\/\/www.schulzentrum-stetten-akm.de\/es\/wp-json\/wp\/v2\/comments?post=8602"}],"version-history":[{"count":4,"href":"https:\/\/www.schulzentrum-stetten-akm.de\/es\/wp-json\/wp\/v2\/posts\/8602\/revisions"}],"predecessor-version":[{"id":8618,"href":"https:\/\/www.schulzentrum-stetten-akm.de\/es\/wp-json\/wp\/v2\/posts\/8602\/revisions\/8618"}],"wp:featuredmedia":[{"embeddable":true,"href":"https:\/\/www.schulzentrum-stetten-akm.de\/es\/wp-json\/wp\/v2\/media\/8606"}],"wp:attachment":[{"href":"https:\/\/www.schulzentrum-stetten-akm.de\/es\/wp-json\/wp\/v2\/media?parent=8602"}],"wp:term":[{"taxonomy":"category","embeddable":true,"href":"https:\/\/www.schulzentrum-stetten-akm.de\/es\/wp-json\/wp\/v2\/categories?post=8602"},{"taxonomy":"post_tag","embeddable":true,"href":"https:\/\/www.schulzentrum-stetten-akm.de\/es\/wp-json\/wp\/v2\/tags?post=8602"}],"curies":[{"name":"wp","href":"https:\/\/api.w.org\/{rel}","templated":true}]}}