{"id":811,"date":"2019-11-11T14:36:46","date_gmt":"2019-11-11T13:36:46","guid":{"rendered":"https:\/\/www.schulzentrum-stetten-akm.de\/?p=811"},"modified":"2020-07-21T11:12:13","modified_gmt":"2020-07-21T09:12:13","slug":"nuevo-profesor-en-escuela-centro","status":"publish","type":"post","link":"https:\/\/www.schulzentrum-stetten-akm.de\/es\/nuevo-profesor-en-escuela-centro\/","title":{"rendered":"Nuevos profesores en el centro escolar"},"content":{"rendered":"<p>El alcalde Maik Lehn dio personalmente la bienvenida a los nuevos profesores del centro escolar de Stetten hace unas semanas. Anim\u00f3 a los reci\u00e9n llegados y les agradeci\u00f3 su disposici\u00f3n a trabajar en el centro escolar. El director, Klaus Flockerzie, tambi\u00e9n se congratula del soplo de aire fresco que Hartmut Hipp (ingl\u00e9s\/historia), Susanne Roggendorf (profesora de m\u00fasica) y Armin Hotz (matem\u00e1ticas\/deporte) aportan al profesorado.<\/p>\n\n\n\n<figure class=\"wp-block-image size-large\"><img loading=\"lazy\" decoding=\"async\" width=\"1024\" height=\"683\" src=\"https:\/\/www.schulzentrum-stetten-akm.de\/wp-content\/uploads\/2019\/11\/NeueKollegen2019-1024x683.jpg\" alt=\"\" class=\"wp-image-824\" srcset=\"https:\/\/www.schulzentrum-stetten-akm.de\/wp-content\/uploads\/2019\/11\/NeueKollegen2019-1024x683.jpg 1024w, https:\/\/www.schulzentrum-stetten-akm.de\/wp-content\/uploads\/2019\/11\/NeueKollegen2019-300x200.jpg 300w, https:\/\/www.schulzentrum-stetten-akm.de\/wp-content\/uploads\/2019\/11\/NeueKollegen2019-768x512.jpg 768w, https:\/\/www.schulzentrum-stetten-akm.de\/wp-content\/uploads\/2019\/11\/NeueKollegen2019.jpg 2048w\" sizes=\"auto, (max-width: 1024px) 100vw, 1024px\" \/><\/figure>","protected":false},"excerpt":{"rendered":"<p>El alcalde Maik Lehn dio personalmente la bienvenida a los nuevos profesores del centro escolar de Stetten hace unas semanas. Anim\u00f3 a los reci\u00e9n llegados y les agradeci\u00f3 su disposici\u00f3n a trabajar en el centro escolar. Tambi\u00e9n el director ... <\/p>","protected":false},"author":1,"featured_media":879,"comment_status":"closed","ping_status":"closed","sticky":false,"template":"","format":"standard","meta":{"footnotes":""},"categories":[22],"tags":[],"class_list":["post-811","post","type-post","status-publish","format-standard","has-post-thumbnail","hentry","category-schulalltag"],"_links":{"self":[{"href":"https:\/\/www.schulzentrum-stetten-akm.de\/es\/wp-json\/wp\/v2\/posts\/811","targetHints":{"allow":["GET"]}}],"collection":[{"href":"https:\/\/www.schulzentrum-stetten-akm.de\/es\/wp-json\/wp\/v2\/posts"}],"about":[{"href":"https:\/\/www.schulzentrum-stetten-akm.de\/es\/wp-json\/wp\/v2\/types\/post"}],"author":[{"embeddable":true,"href":"https:\/\/www.schulzentrum-stetten-akm.de\/es\/wp-json\/wp\/v2\/users\/1"}],"replies":[{"embeddable":true,"href":"https:\/\/www.schulzentrum-stetten-akm.de\/es\/wp-json\/wp\/v2\/comments?post=811"}],"version-history":[{"count":2,"href":"https:\/\/www.schulzentrum-stetten-akm.de\/es\/wp-json\/wp\/v2\/posts\/811\/revisions"}],"predecessor-version":[{"id":942,"href":"https:\/\/www.schulzentrum-stetten-akm.de\/es\/wp-json\/wp\/v2\/posts\/811\/revisions\/942"}],"wp:featuredmedia":[{"embeddable":true,"href":"https:\/\/www.schulzentrum-stetten-akm.de\/es\/wp-json\/wp\/v2\/media\/879"}],"wp:attachment":[{"href":"https:\/\/www.schulzentrum-stetten-akm.de\/es\/wp-json\/wp\/v2\/media?parent=811"}],"wp:term":[{"taxonomy":"category","embeddable":true,"href":"https:\/\/www.schulzentrum-stetten-akm.de\/es\/wp-json\/wp\/v2\/categories?post=811"},{"taxonomy":"post_tag","embeddable":true,"href":"https:\/\/www.schulzentrum-stetten-akm.de\/es\/wp-json\/wp\/v2\/tags?post=811"}],"curies":[{"name":"wp","href":"https:\/\/api.w.org\/{rel}","templated":true}]}}