{"id":8013,"date":"2025-03-24T07:12:36","date_gmt":"2025-03-24T06:12:36","guid":{"rendered":"https:\/\/www.schulzentrum-stetten-akm.de\/?p=8013"},"modified":"2025-03-28T07:49:25","modified_gmt":"2025-03-28T06:49:25","slug":"ergonomisch-gesund","status":"publish","type":"post","link":"https:\/\/www.schulzentrum-stetten-akm.de\/es\/ergonomisch-gesund\/","title":{"rendered":"Ergonomisch &amp; Gesund"},"content":{"rendered":"<p><strong>Schulzentrum Stetten setzt auf gesundes Sitzen<\/strong><\/p>\n\n\n\n<p>Dank des engagierten Schulf\u00f6rdervereins &#8222;Freunde des Schulzentrums&#8220; und der gro\u00dfz\u00fcgigen Unterst\u00fctzung der Firma interstuhl wurde das Schulzentrum Stetten am kalten Markt mit hochwertigen ergonomischen Sitzhockern ausgestattet. Heute fand die offizielle \u00dcbergabe der insgesamt 60 Sitzhocker UP<sup>IS1<\/sup> statt. Die Sch\u00fcler holten diese im Verwaltungstrakt bei Gabi Hotz ab und verteilten sie voller Begeisterung in ihren Lerngruppen und Klassen.<\/p>\n\n\n\n<p><strong>Aktives und gesundes Sitzen f\u00fcr den Schulalltag<\/strong><\/p>\n\n\n\n<p>Die neuen Fitnesshocker bieten durch ihre konvex gestaltete Standfl\u00e4che ein dynamisches Sitzerlebnis. Sie erm\u00f6glichen Bewegungen in alle Richtungen, entlasten die Bandscheiben und f\u00f6rdern die Blutzirkulation. So unterst\u00fctzen sie ein aktiveres und ges\u00fcnderes Sitzen im Unterricht. Durch ihre hochwertige Verarbeitung sind sie zudem besonders langlebig.<\/p>\n\n\n\n<p><strong>Financiaci\u00f3n del proyecto<\/strong><\/p>\n\n\n\n<p>Die Anschaffung der St\u00fchle hatte einen Gesamtwert von etwa 12 000 \u20ac. Der Schulf\u00f6rderverein &#8222;Freunde des Schulzentrums&#8220; finanzierte rund die H\u00e4lfte der Kosten. Dank der gro\u00dfz\u00fcgigen Kooperation mit der Firma interstuhl erhielt die Schule 60 Hocker, von denen f\u00fcnf kostenlos zur Verf\u00fcgung gestellt wurden, w\u00e4hrend die \u00fcbrigen zum halben Preis erworben werden konnten. Ein besonderer Dank gilt Marian Wagner von interstuhl f\u00fcr die hervorragende Zusammenarbeit.<\/p>\n\n\n\n<p><strong>Begeisterung in den Klassenr\u00e4umen<\/strong><\/p>\n\n\n\n<p>Die neuen Sitzm\u00f6glichkeiten sorgen f\u00fcr gro\u00dfe Freude bei den Sch\u00fclern. Um allen die M\u00f6glichkeit zu geben, von den Vorteilen der ergonomischen Sitzhockern zu profitieren, wird w\u00e4hrend des Vormittags regelm\u00e4\u00dfig gewechselt. Das aktive Sitzen kommt gut an und unterst\u00fctzt eine gesunde Lernumgebung.<\/p>\n\n\n\n<p>Das Schulzentrum Stetten am kalten Markt bedankt sich herzlich beim Schulf\u00f6rderverein und der Firma interstuhl f\u00fcr dieses wertvolle Engagement!<\/p>\n\n\n\n<figure class=\"wp-block-image size-large\"><img loading=\"lazy\" decoding=\"async\" width=\"1024\" height=\"477\" src=\"https:\/\/www.schulzentrum-stetten-akm.de\/wp-content\/uploads\/2025\/03\/IMG_2263-1024x477.jpeg\" alt=\"\" class=\"wp-image-8016\" srcset=\"https:\/\/www.schulzentrum-stetten-akm.de\/wp-content\/uploads\/2025\/03\/IMG_2263-1024x477.jpeg 1024w, https:\/\/www.schulzentrum-stetten-akm.de\/wp-content\/uploads\/2025\/03\/IMG_2263-300x140.jpeg 300w, https:\/\/www.schulzentrum-stetten-akm.de\/wp-content\/uploads\/2025\/03\/IMG_2263-768x358.jpeg 768w, https:\/\/www.schulzentrum-stetten-akm.de\/wp-content\/uploads\/2025\/03\/IMG_2263-1536x716.jpeg 1536w, https:\/\/www.schulzentrum-stetten-akm.de\/wp-content\/uploads\/2025\/03\/IMG_2263-scaled.jpeg 2048w, https:\/\/www.schulzentrum-stetten-akm.de\/wp-content\/uploads\/2025\/03\/IMG_2263-18x8.jpeg 18w\" sizes=\"auto, (max-width: 1024px) 100vw, 1024px\" \/><\/figure>","protected":false},"excerpt":{"rendered":"<p>Schulzentrum Stetten setzt auf gesundes Sitzen Dank des engagierten Schulf\u00f6rdervereins &#8222;Freunde des Schulzentrums&#8220; und der gro\u00dfz\u00fcgigen Unterst\u00fctzung der Firma interstuhl wurde das Schulzentrum Stetten am kalten Markt mit hochwertigen ergonomischen &hellip; <\/p>","protected":false},"author":26,"featured_media":8018,"comment_status":"closed","ping_status":"closed","sticky":false,"template":"","format":"standard","meta":{"footnotes":""},"categories":[1,22],"tags":[],"class_list":["post-8013","post","type-post","status-publish","format-standard","has-post-thumbnail","hentry","category-allgemein","category-schulalltag"],"_links":{"self":[{"href":"https:\/\/www.schulzentrum-stetten-akm.de\/es\/wp-json\/wp\/v2\/posts\/8013","targetHints":{"allow":["GET"]}}],"collection":[{"href":"https:\/\/www.schulzentrum-stetten-akm.de\/es\/wp-json\/wp\/v2\/posts"}],"about":[{"href":"https:\/\/www.schulzentrum-stetten-akm.de\/es\/wp-json\/wp\/v2\/types\/post"}],"author":[{"embeddable":true,"href":"https:\/\/www.schulzentrum-stetten-akm.de\/es\/wp-json\/wp\/v2\/users\/26"}],"replies":[{"embeddable":true,"href":"https:\/\/www.schulzentrum-stetten-akm.de\/es\/wp-json\/wp\/v2\/comments?post=8013"}],"version-history":[{"count":4,"href":"https:\/\/www.schulzentrum-stetten-akm.de\/es\/wp-json\/wp\/v2\/posts\/8013\/revisions"}],"predecessor-version":[{"id":8024,"href":"https:\/\/www.schulzentrum-stetten-akm.de\/es\/wp-json\/wp\/v2\/posts\/8013\/revisions\/8024"}],"wp:featuredmedia":[{"embeddable":true,"href":"https:\/\/www.schulzentrum-stetten-akm.de\/es\/wp-json\/wp\/v2\/media\/8018"}],"wp:attachment":[{"href":"https:\/\/www.schulzentrum-stetten-akm.de\/es\/wp-json\/wp\/v2\/media?parent=8013"}],"wp:term":[{"taxonomy":"category","embeddable":true,"href":"https:\/\/www.schulzentrum-stetten-akm.de\/es\/wp-json\/wp\/v2\/categories?post=8013"},{"taxonomy":"post_tag","embeddable":true,"href":"https:\/\/www.schulzentrum-stetten-akm.de\/es\/wp-json\/wp\/v2\/tags?post=8013"}],"curies":[{"name":"wp","href":"https:\/\/api.w.org\/{rel}","templated":true}]}}