{"id":7816,"date":"2025-02-17T20:25:39","date_gmt":"2025-02-17T19:25:39","guid":{"rendered":"https:\/\/www.schulzentrum-stetten-akm.de\/?p=7816"},"modified":"2025-02-23T09:36:01","modified_gmt":"2025-02-23T08:36:01","slug":"vorlesewettbewerb-2-runde-regionalentscheid-sigmaringen-nord","status":"publish","type":"post","link":"https:\/\/www.schulzentrum-stetten-akm.de\/es\/vorlesewettbewerb-2-runde-regionalentscheid-sigmaringen-nord\/","title":{"rendered":"Vorlesewettbewerb 2. Runde"},"content":{"rendered":"<p>Am Montag, den 17.02. nahm unsere Sch\u00fclerin Miriam aus der Lerngruppe 6.2 an der 2. Runde des bundesweiten Vorlesewettbewerbs, dem Kreisentscheid Sigmaringen Nord, teil. Mit einer \u00fcberzeugenden und ausdrucksstarken Leseleistung begeisterte sie das Publikum und die Jury gleicherma\u00dfen.<\/p>\n\n\n\n<p>Auch wenn es am Ende nicht f\u00fcr den Sieg gereicht hat, sind wir unglaublich stolz auf Miriam und ihre tolle Vorstellung. Als Anerkennung f\u00fcr ihre starke Leistung erhielt sie vom Veranstalter ein Buch als neuen Lesestoff, etwas S\u00fc\u00dfes und ein Lesezeichen \u2013 eine sch\u00f6ne Erinnerung an diesen besonderen Tag.<\/p>\n\n\n\n<p>Wir sind stolz auf Miriam und gratulieren ihr herzlich zu ihrer beeindruckenden Leseleistung.&nbsp;<\/p>\n\n\n\n<figure class=\"wp-block-image size-large\"><img loading=\"lazy\" decoding=\"async\" width=\"1024\" height=\"1024\" src=\"https:\/\/www.schulzentrum-stetten-akm.de\/wp-content\/uploads\/2025\/02\/IMG_0253-e1739820631657-1024x1024.jpeg\" alt=\"\" class=\"wp-image-7817\" srcset=\"https:\/\/www.schulzentrum-stetten-akm.de\/wp-content\/uploads\/2025\/02\/IMG_0253-e1739820631657-1024x1024.jpeg 1024w, https:\/\/www.schulzentrum-stetten-akm.de\/wp-content\/uploads\/2025\/02\/IMG_0253-e1739820631657-300x300.jpeg 300w, https:\/\/www.schulzentrum-stetten-akm.de\/wp-content\/uploads\/2025\/02\/IMG_0253-e1739820631657-150x150.jpeg 150w, https:\/\/www.schulzentrum-stetten-akm.de\/wp-content\/uploads\/2025\/02\/IMG_0253-e1739820631657-768x769.jpeg 768w, https:\/\/www.schulzentrum-stetten-akm.de\/wp-content\/uploads\/2025\/02\/IMG_0253-e1739820631657-12x12.jpeg 12w, https:\/\/www.schulzentrum-stetten-akm.de\/wp-content\/uploads\/2025\/02\/IMG_0253-e1739820631657.jpeg 1520w\" sizes=\"auto, (max-width: 1024px) 100vw, 1024px\" \/><\/figure>\n\n\n\n<p>Bild und Text: Julia M\u00fcller&nbsp;<\/p>","protected":false},"excerpt":{"rendered":"<p>Am Montag, den 17.02. nahm unsere Sch\u00fclerin Miriam aus der Lerngruppe 6.2 an der 2. Runde des bundesweiten Vorlesewettbewerbs, dem Kreisentscheid Sigmaringen Nord, teil. Mit einer \u00fcberzeugenden und ausdrucksstarken Leseleistung &hellip; <\/p>","protected":false},"author":26,"featured_media":0,"comment_status":"closed","ping_status":"closed","sticky":false,"template":"","format":"standard","meta":{"footnotes":""},"categories":[1,20],"tags":[],"class_list":["post-7816","post","type-post","status-publish","format-standard","hentry","category-allgemein","category-veranstaltungen"],"_links":{"self":[{"href":"https:\/\/www.schulzentrum-stetten-akm.de\/es\/wp-json\/wp\/v2\/posts\/7816","targetHints":{"allow":["GET"]}}],"collection":[{"href":"https:\/\/www.schulzentrum-stetten-akm.de\/es\/wp-json\/wp\/v2\/posts"}],"about":[{"href":"https:\/\/www.schulzentrum-stetten-akm.de\/es\/wp-json\/wp\/v2\/types\/post"}],"author":[{"embeddable":true,"href":"https:\/\/www.schulzentrum-stetten-akm.de\/es\/wp-json\/wp\/v2\/users\/26"}],"replies":[{"embeddable":true,"href":"https:\/\/www.schulzentrum-stetten-akm.de\/es\/wp-json\/wp\/v2\/comments?post=7816"}],"version-history":[{"count":4,"href":"https:\/\/www.schulzentrum-stetten-akm.de\/es\/wp-json\/wp\/v2\/posts\/7816\/revisions"}],"predecessor-version":[{"id":7889,"href":"https:\/\/www.schulzentrum-stetten-akm.de\/es\/wp-json\/wp\/v2\/posts\/7816\/revisions\/7889"}],"wp:attachment":[{"href":"https:\/\/www.schulzentrum-stetten-akm.de\/es\/wp-json\/wp\/v2\/media?parent=7816"}],"wp:term":[{"taxonomy":"category","embeddable":true,"href":"https:\/\/www.schulzentrum-stetten-akm.de\/es\/wp-json\/wp\/v2\/categories?post=7816"},{"taxonomy":"post_tag","embeddable":true,"href":"https:\/\/www.schulzentrum-stetten-akm.de\/es\/wp-json\/wp\/v2\/tags?post=7816"}],"curies":[{"name":"wp","href":"https:\/\/api.w.org\/{rel}","templated":true}]}}