{"id":7153,"date":"2024-07-25T13:00:20","date_gmt":"2024-07-25T11:00:20","guid":{"rendered":"https:\/\/www.schulzentrum-stetten-akm.de\/?p=7153"},"modified":"2024-12-16T19:21:29","modified_gmt":"2024-12-16T18:21:29","slug":"belobigungen-und-preise-2024","status":"publish","type":"post","link":"https:\/\/www.schulzentrum-stetten-akm.de\/es\/belobigungen-und-preise-2024\/","title":{"rendered":"Auszeichnungen zum Schuljahresabschluss 2023\/24"},"content":{"rendered":"<h3 class=\"wp-block-heading\"><\/h3>\n\n\n\n<p>Am 24. Juli, dem letzten Schultag, erhielten die Lernpartner des Schulzentrums Stetten am kalten Markt ihre Lernentwicklungsberichte. Besonders stolz sind wir darauf, folgende Sch\u00fclerinnen und Sch\u00fcler f\u00fcr ihre herausragenden Leistungen mit&nbsp;<strong>Elogios<\/strong>&nbsp;y&nbsp;<strong>Preisen<\/strong>&nbsp;auszeichnen zu d\u00fcrfen:<\/p>\n\n\n\n<h4 class=\"wp-block-heading\"><strong>Elogios<\/strong><\/h4>\n\n\n\n<p>Die folgenden Sch\u00fclerinnen und Sch\u00fcler wurden f\u00fcr ihre besonderen schulischen Leistungen ausgezeichnet:<\/p>\n\n\n\n<p><strong>Lerngruppe 5<\/strong><\/p>\n\n\n\n<ul class=\"wp-block-list\">\n<li><strong>5.1<\/strong>: David Bosch, Nicole Britner<\/li>\n\n\n\n<li><strong>5.2<\/strong>: Lorena Buhl, Miriam Butz, Linn Freitag, Leni Koslowski, Theo M\u00e4gerle, Kim Niemczewski, Lukas Nuber, Maja Reinhardt, Lia Renz<\/li>\n\n\n\n<li><strong>5.3<\/strong>: Maximilian Klipstein, Tabea Martin, Valentino Siragusa<\/li>\n<\/ul>\n\n\n\n<p><strong>Lerngruppe 6<\/strong><\/p>\n\n\n\n<ul class=\"wp-block-list\">\n<li><strong>6.1<\/strong>: Laura Chenaux, Daniel Ebel, Ramon Klemm, Nora Lehmann, Celina Sauter<\/li>\n\n\n\n<li><strong>6.2<\/strong>: Ilyas Afrane, Zoe Frederick, Tilly Holdenried, Romeo Joachimi, Thessa Oswald, Mariella Rieger, Emily Sigl<\/li>\n<\/ul>\n\n\n\n<p><strong>Lerngruppe 7<\/strong><\/p>\n\n\n\n<ul class=\"wp-block-list\">\n<li><strong>7.1<\/strong>: Leonie Braun, Jonas Heppeler, Vincent Hotz, Kira Koslowski, Aurelia Mielke, Emma-Celin Peter, Norah Petrillo, Davide Salsi<\/li>\n\n\n\n<li><strong>7.2<\/strong>: Lena Ditte, Magdalena Dreher, Janine Frommer, Am\u00e9lie Gr\u00e4fin Bernadotte, Maurice Hering<\/li>\n<\/ul>\n\n\n\n<p><strong>Lerngruppe 8<\/strong><\/p>\n\n\n\n<ul class=\"wp-block-list\">\n<li><strong>8.1<\/strong>: David Hotz, Jennifer Sieber<\/li>\n\n\n\n<li><strong>8.2<\/strong>: Vanessa Henschke, Pia Riebl, Maeve Seidel<\/li>\n<\/ul>\n\n\n\n<p><strong>Lerngruppe 9<\/strong><\/p>\n\n\n\n<ul class=\"wp-block-list\">\n<li><strong>9.1<\/strong>: Mateo Adasme<\/li>\n\n\n\n<li><strong>9.2<\/strong>: Daniel Fetter, Anna Nuber<\/li>\n<\/ul>\n\n\n\n<h4 class=\"wp-block-heading\"><strong>Precios<\/strong><\/h4>\n\n\n\n<p>F\u00fcr herausragende schulische Leistungen erhielten folgende Sch\u00fclerinnen und Sch\u00fcler Preise:<\/p>\n\n\n\n<p><strong>Lerngruppe 5<\/strong><\/p>\n\n\n\n<ul class=\"wp-block-list\">\n<li><strong>5.1<\/strong>: Magnus Arnold, Mara Arnold, Helena Kulic, Aurelia Spillecke<\/li>\n\n\n\n<li><strong>5.2<\/strong>: Benedikt Grom, Leon Steinborn<\/li>\n\n\n\n<li><strong>5.3<\/strong>: Jannis Kubenz, Zoe Renner, Caitlin Seidel<\/li>\n<\/ul>\n\n\n\n<p><strong>Lerngruppe 6<\/strong><\/p>\n\n\n\n<ul class=\"wp-block-list\">\n<li><strong>6.1<\/strong>: Katharina Fetter, Christina Sieber, Zoey Tritasco<\/li>\n\n\n\n<li><strong>6.2<\/strong>: Johannes Grom, Dana Kluike, Katharina Weimer<\/li>\n<\/ul>\n\n\n\n<p><strong>Lerngruppe 7<\/strong><\/p>\n\n\n\n<ul class=\"wp-block-list\">\n<li><strong>7.1<\/strong>: Ariana T\u00f6k\u00e9s<\/li>\n\n\n\n<li><strong>7.2<\/strong>: Salome Bosch<\/li>\n<\/ul>\n\n\n\n<p><strong>Lerngruppe 8<\/strong><\/p>\n\n\n\n<ul class=\"wp-block-list\">\n<li><strong>8.2<\/strong>: Jasmin Weippert<\/li>\n<\/ul>\n\n\n\n<p><strong>Lerngruppe 9<\/strong><\/p>\n\n\n\n<ul class=\"wp-block-list\">\n<li><strong>9.1<\/strong>: Lenja B\u00fccheler, Emely Hirschberg, Olivia Kraus, Lara Steinborn<\/li>\n\n\n\n<li><strong>9.2<\/strong>: Katjana Buhl, Kornelia Piatek, Maya Eichardt<\/li>\n<\/ul>\n\n\n\n<h4 class=\"wp-block-heading\"><strong>Sozialpreis<\/strong><\/h4>\n\n\n\n<p>F\u00fcr ihr besonderes soziales Engagement wurden geehrt:<\/p>\n\n\n\n<ul class=\"wp-block-list\">\n<li><strong>Caitlin Seidel (5.3)<\/strong><\/li>\n\n\n\n<li><strong>Leonie Hipp (9.1)<\/strong><\/li>\n<\/ul>\n\n\n\n<hr class=\"wp-block-separator has-alpha-channel-opacity\"\/>\n\n\n\n<p>Mit diesen Leistungen verabschieden wir uns in die Sommerferien und w\u00fcnschen allen Lernpartnern, ihren Familien sowie dem gesamten Schulteam&nbsp;<strong>sch\u00f6ne und erholsame Ferien<\/strong>!<\/p>\n\n\n\n<hr class=\"wp-block-separator has-alpha-channel-opacity\"\/>\n\n\n\n<p><br><\/p>\n\n\n\n<p><\/p>","protected":false},"excerpt":{"rendered":"<p>Am 24. Juli, dem letzten Schultag, erhielten die Lernpartner des Schulzentrums Stetten am kalten Markt ihre Lernentwicklungsberichte. Besonders stolz sind wir darauf, folgende Sch\u00fclerinnen und Sch\u00fcler f\u00fcr ihre herausragenden Leistungen &hellip; <\/p>","protected":false},"author":26,"featured_media":0,"comment_status":"closed","ping_status":"closed","sticky":false,"template":"","format":"standard","meta":{"footnotes":""},"categories":[1],"tags":[],"class_list":["post-7153","post","type-post","status-publish","format-standard","hentry","category-allgemein"],"_links":{"self":[{"href":"https:\/\/www.schulzentrum-stetten-akm.de\/es\/wp-json\/wp\/v2\/posts\/7153","targetHints":{"allow":["GET"]}}],"collection":[{"href":"https:\/\/www.schulzentrum-stetten-akm.de\/es\/wp-json\/wp\/v2\/posts"}],"about":[{"href":"https:\/\/www.schulzentrum-stetten-akm.de\/es\/wp-json\/wp\/v2\/types\/post"}],"author":[{"embeddable":true,"href":"https:\/\/www.schulzentrum-stetten-akm.de\/es\/wp-json\/wp\/v2\/users\/26"}],"replies":[{"embeddable":true,"href":"https:\/\/www.schulzentrum-stetten-akm.de\/es\/wp-json\/wp\/v2\/comments?post=7153"}],"version-history":[{"count":9,"href":"https:\/\/www.schulzentrum-stetten-akm.de\/es\/wp-json\/wp\/v2\/posts\/7153\/revisions"}],"predecessor-version":[{"id":7723,"href":"https:\/\/www.schulzentrum-stetten-akm.de\/es\/wp-json\/wp\/v2\/posts\/7153\/revisions\/7723"}],"wp:attachment":[{"href":"https:\/\/www.schulzentrum-stetten-akm.de\/es\/wp-json\/wp\/v2\/media?parent=7153"}],"wp:term":[{"taxonomy":"category","embeddable":true,"href":"https:\/\/www.schulzentrum-stetten-akm.de\/es\/wp-json\/wp\/v2\/categories?post=7153"},{"taxonomy":"post_tag","embeddable":true,"href":"https:\/\/www.schulzentrum-stetten-akm.de\/es\/wp-json\/wp\/v2\/tags?post=7153"}],"curies":[{"name":"wp","href":"https:\/\/api.w.org\/{rel}","templated":true}]}}