{"id":7004,"date":"2024-07-18T13:09:01","date_gmt":"2024-07-18T11:09:01","guid":{"rendered":"https:\/\/www.schulzentrum-stetten-akm.de\/?p=7004"},"modified":"2024-07-18T13:09:03","modified_gmt":"2024-07-18T11:09:03","slug":"abschluss-der-vierer-mit-ausflug-und-grillen","status":"publish","type":"post","link":"https:\/\/www.schulzentrum-stetten-akm.de\/es\/abschluss-der-vierer-mit-ausflug-und-grillen\/","title":{"rendered":"Abschluss der Vierer mit Ausflug und Grillen"},"content":{"rendered":"<p>Es ist eine wichtige Z\u00e4sur im Leben eines jeden Kindes: Das Ende der Grundschulzeit mit dem \u00dcbergang in eine neue Klasse und damit auch in eine neue Schulform. Gemeinsam haben die vierten Klassen der Grundschule Stetten a.k.M. diesen Abschluss mit einem Ausflug und gemeinsamen Grillen gefeiert. <\/p>\n\n\n\n<p>Am 9. Juli verbrachten die 4a und 4b den Tag zusammen mit ihren Klassenlehrerinnen Renate Biselli und Maria Fr\u00f6hlich im Naturschutzzentrum Bad Buchau bei dem Projekt &#8222;Forschen und begreifen im Federseemusem&#8220;. Nach einer F\u00fchrung durch das Museum und Freigel\u00e4nde mit einem steinzeitlichen Dorf wurde das Steinzeitleben aktiv erlebt. Beim Speerwurf konnte man sich mit der alten Methode des Jagens vertraut machen. Dann durfte jedes Kind aus Leder, Muscheln und Bast eine Kette oder ein Beutelchen herstellen. Im Anschluss brachten die Kinder mit viel Freude die Erde im Wackelwald zum Beben. Dank des regnerischen Sommers mit einem fast tropischen Klima herrschten daf\u00fcr perfekte Bedingungen.<\/p>\n\n\n\n<figure class=\"wp-block-image size-large\"><img loading=\"lazy\" decoding=\"async\" width=\"768\" height=\"1024\" src=\"https:\/\/www.schulzentrum-stetten-akm.de\/wp-content\/uploads\/2024\/07\/Bad-Buchau-768x1024.jpg\" alt=\"\" class=\"wp-image-7006\" srcset=\"https:\/\/www.schulzentrum-stetten-akm.de\/wp-content\/uploads\/2024\/07\/Bad-Buchau-768x1024.jpg 768w, https:\/\/www.schulzentrum-stetten-akm.de\/wp-content\/uploads\/2024\/07\/Bad-Buchau-225x300.jpg 225w, https:\/\/www.schulzentrum-stetten-akm.de\/wp-content\/uploads\/2024\/07\/Bad-Buchau-9x12.jpg 9w, https:\/\/www.schulzentrum-stetten-akm.de\/wp-content\/uploads\/2024\/07\/Bad-Buchau.jpg 810w\" sizes=\"auto, (max-width: 768px) 100vw, 768px\" \/><\/figure>\n\n\n\n<p>Am 12. Juli feierten alle ihr Abschlussfest mit den Eltern. Eltern und Kinder trafen sich bei der Bundeswehr am Grillplatz. Nach einigen Auff\u00fchrungen f\u00fcr die Familien bei noch sch\u00f6nem Wetter musste das gemeinsame Grillen dann unter Dach erfolgen, da ein Gewitter das Spielen der Kinder auf der Wiese beendet hatte. Mit einem gem\u00fctlichen Ausklang endete die gemeinsame Zeit der Viertkl\u00e4ssler.<\/p>","protected":false},"excerpt":{"rendered":"<p>Es ist eine wichtige Z\u00e4sur im Leben eines jeden Kindes: Das Ende der Grundschulzeit mit dem \u00dcbergang in eine neue Klasse und damit auch in eine neue Schulform. Gemeinsam haben &hellip; <\/p>","protected":false},"author":1,"featured_media":7005,"comment_status":"closed","ping_status":"closed","sticky":false,"template":"","format":"standard","meta":{"footnotes":""},"categories":[21,22],"tags":[],"class_list":["post-7004","post","type-post","status-publish","format-standard","has-post-thumbnail","hentry","category-exkursionen-und-lerngaenge","category-schulalltag"],"_links":{"self":[{"href":"https:\/\/www.schulzentrum-stetten-akm.de\/es\/wp-json\/wp\/v2\/posts\/7004","targetHints":{"allow":["GET"]}}],"collection":[{"href":"https:\/\/www.schulzentrum-stetten-akm.de\/es\/wp-json\/wp\/v2\/posts"}],"about":[{"href":"https:\/\/www.schulzentrum-stetten-akm.de\/es\/wp-json\/wp\/v2\/types\/post"}],"author":[{"embeddable":true,"href":"https:\/\/www.schulzentrum-stetten-akm.de\/es\/wp-json\/wp\/v2\/users\/1"}],"replies":[{"embeddable":true,"href":"https:\/\/www.schulzentrum-stetten-akm.de\/es\/wp-json\/wp\/v2\/comments?post=7004"}],"version-history":[{"count":1,"href":"https:\/\/www.schulzentrum-stetten-akm.de\/es\/wp-json\/wp\/v2\/posts\/7004\/revisions"}],"predecessor-version":[{"id":7007,"href":"https:\/\/www.schulzentrum-stetten-akm.de\/es\/wp-json\/wp\/v2\/posts\/7004\/revisions\/7007"}],"wp:featuredmedia":[{"embeddable":true,"href":"https:\/\/www.schulzentrum-stetten-akm.de\/es\/wp-json\/wp\/v2\/media\/7005"}],"wp:attachment":[{"href":"https:\/\/www.schulzentrum-stetten-akm.de\/es\/wp-json\/wp\/v2\/media?parent=7004"}],"wp:term":[{"taxonomy":"category","embeddable":true,"href":"https:\/\/www.schulzentrum-stetten-akm.de\/es\/wp-json\/wp\/v2\/categories?post=7004"},{"taxonomy":"post_tag","embeddable":true,"href":"https:\/\/www.schulzentrum-stetten-akm.de\/es\/wp-json\/wp\/v2\/tags?post=7004"}],"curies":[{"name":"wp","href":"https:\/\/api.w.org\/{rel}","templated":true}]}}