{"id":6382,"date":"2023-09-20T11:40:26","date_gmt":"2023-09-20T09:40:26","guid":{"rendered":"https:\/\/www.schulzentrum-stetten-akm.de\/?p=6382"},"modified":"2023-09-20T11:41:41","modified_gmt":"2023-09-20T09:41:41","slug":"international-youth-club-stetten-bei-deinding-2023","status":"publish","type":"post","link":"https:\/\/www.schulzentrum-stetten-akm.de\/es\/international-youth-club-stetten-bei-deinding-2023\/","title":{"rendered":"Club Juvenil Internacional Stetten en DeinDing 2023"},"content":{"rendered":"<p>Cada a\u00f1o, la Fundaci\u00f3n Baden-W\u00fcrttemberg para la Juventud concede el Premio Baden-W\u00fcrttemberg de Educaci\u00f3n para J\u00f3venes a proyectos excepcionales de alumnos que abordan un problema socialmente relevante y ofrecen soluciones creativas y sostenibles. Este a\u00f1o, los m\u00e1ximos galardones han reca\u00eddo en un m\u00e9todo para mejorar la calidad del aire interior y la creaci\u00f3n de una hora de consulta en los medios de comunicaci\u00f3n para personas mayores.<\/p>\n\n\n\n<p>El ambicioso proyecto del trabajador social escolar Tobias Buck, el International Youth Club Stetten, tambi\u00e9n estuvo entre los participantes y recibi\u00f3 un certificado por su compromiso. <\/p>\n\n\n\n<figure class=\"wp-block-image size-large\"><img loading=\"lazy\" decoding=\"async\" width=\"705\" height=\"1024\" src=\"https:\/\/www.schulzentrum-stetten-akm.de\/wp-content\/uploads\/2023\/09\/Urkunde-Dein-Ding-1-1-705x1024.jpeg\" alt=\"\" class=\"wp-image-6385\" srcset=\"https:\/\/www.schulzentrum-stetten-akm.de\/wp-content\/uploads\/2023\/09\/Urkunde-Dein-Ding-1-1-705x1024.jpeg 705w, https:\/\/www.schulzentrum-stetten-akm.de\/wp-content\/uploads\/2023\/09\/Urkunde-Dein-Ding-1-1-207x300.jpeg 207w, https:\/\/www.schulzentrum-stetten-akm.de\/wp-content\/uploads\/2023\/09\/Urkunde-Dein-Ding-1-1-768x1115.jpeg 768w, https:\/\/www.schulzentrum-stetten-akm.de\/wp-content\/uploads\/2023\/09\/Urkunde-Dein-Ding-1-1-1058x1536.jpeg 1058w, https:\/\/www.schulzentrum-stetten-akm.de\/wp-content\/uploads\/2023\/09\/Urkunde-Dein-Ding-1-1-scaled.jpeg 1411w, https:\/\/www.schulzentrum-stetten-akm.de\/wp-content\/uploads\/2023\/09\/Urkunde-Dein-Ding-1-1-8x12.jpeg 8w\" sizes=\"auto, (max-width: 705px) 100vw, 705px\" \/><\/figure>\n\n\n\n<p>El IYC se fund\u00f3 el a\u00f1o pasado y est\u00e1 dirigido a los nuevos alumnos del centro escolar que hablan poco o nada de alem\u00e1n. Todos los miembros del club son pol\u00edglotas y pueden ayudar a los reci\u00e9n llegados a empezar con dificultades su integraci\u00f3n en la comunidad escolar ofreci\u00e9ndoles diversas formas de ayuda y rompiendo las barreras ling\u00fc\u00edsticas. <\/p>","protected":false},"excerpt":{"rendered":"<p>Cada a\u00f1o, la Fundaci\u00f3n Baden-W\u00fcrttemberg para la Juventud concede el Premio Baden-W\u00fcrttemberg de Educaci\u00f3n de los J\u00f3venes a proyectos excepcionales de alumnos que abordan un problema socialmente relevante y ofrecen soluciones creativas y sostenibles al mismo. Este a\u00f1o, ... <\/p>","protected":false},"author":1,"featured_media":6383,"comment_status":"closed","ping_status":"closed","sticky":false,"template":"","format":"standard","meta":{"footnotes":""},"categories":[26],"tags":[],"class_list":["post-6382","post","type-post","status-publish","format-standard","has-post-thumbnail","hentry","category-schulsozialarbeit"],"_links":{"self":[{"href":"https:\/\/www.schulzentrum-stetten-akm.de\/es\/wp-json\/wp\/v2\/posts\/6382","targetHints":{"allow":["GET"]}}],"collection":[{"href":"https:\/\/www.schulzentrum-stetten-akm.de\/es\/wp-json\/wp\/v2\/posts"}],"about":[{"href":"https:\/\/www.schulzentrum-stetten-akm.de\/es\/wp-json\/wp\/v2\/types\/post"}],"author":[{"embeddable":true,"href":"https:\/\/www.schulzentrum-stetten-akm.de\/es\/wp-json\/wp\/v2\/users\/1"}],"replies":[{"embeddable":true,"href":"https:\/\/www.schulzentrum-stetten-akm.de\/es\/wp-json\/wp\/v2\/comments?post=6382"}],"version-history":[{"count":3,"href":"https:\/\/www.schulzentrum-stetten-akm.de\/es\/wp-json\/wp\/v2\/posts\/6382\/revisions"}],"predecessor-version":[{"id":6388,"href":"https:\/\/www.schulzentrum-stetten-akm.de\/es\/wp-json\/wp\/v2\/posts\/6382\/revisions\/6388"}],"wp:featuredmedia":[{"embeddable":true,"href":"https:\/\/www.schulzentrum-stetten-akm.de\/es\/wp-json\/wp\/v2\/media\/6383"}],"wp:attachment":[{"href":"https:\/\/www.schulzentrum-stetten-akm.de\/es\/wp-json\/wp\/v2\/media?parent=6382"}],"wp:term":[{"taxonomy":"category","embeddable":true,"href":"https:\/\/www.schulzentrum-stetten-akm.de\/es\/wp-json\/wp\/v2\/categories?post=6382"},{"taxonomy":"post_tag","embeddable":true,"href":"https:\/\/www.schulzentrum-stetten-akm.de\/es\/wp-json\/wp\/v2\/tags?post=6382"}],"curies":[{"name":"wp","href":"https:\/\/api.w.org\/{rel}","templated":true}]}}