{"id":6246,"date":"2023-07-21T17:35:30","date_gmt":"2023-07-21T15:35:30","guid":{"rendered":"https:\/\/www.schulzentrum-stetten-akm.de\/?p=6246"},"modified":"2023-07-30T19:08:55","modified_gmt":"2023-07-30T17:08:55","slug":"adopcion-de-clases-4","status":"publish","type":"post","link":"https:\/\/www.schulzentrum-stetten-akm.de\/es\/adopcion-de-clases-4\/","title":{"rendered":"Adi\u00f3s a la clase 4"},"content":{"rendered":"<p><em>Informe de Dorothea Asal.<\/em><\/p>\n\n\n\n<p>El pasado martes, 18 de julio, tuvo lugar la ceremonia de despedida de los alumnos de cuarto curso bajo la direcci\u00f3n de las profesoras Annika L\u00f6ffler 4a y Yasemin Karacan 4b. Los padres hab\u00edan dispuesto h\u00e1bilmente los asientos en el refectorio y tambi\u00e9n hab\u00edan preparado ya un magn\u00edfico buf\u00e9 para la parte culinaria que tuvo lugar a continuaci\u00f3n.<br>Tras la bienvenida de la Sra. Karacan, la clase de metales bajo la direcci\u00f3n de la Sra. Burkhart comenz\u00f3 con dos alegres piezas, tambi\u00e9n hab\u00eda bastantes alumnos de cuarto curso en el conjunto.<br>Continu\u00f3 con la canci\u00f3n \"The Lion sleeps tonight\" (El le\u00f3n duerme esta noche), que ofreci\u00f3 una tr\u00edada l\u00fadica con un grupo de danza\/movimiento y dos grupos de canto. Luego vino un rap reescrito por los profesores, tambi\u00e9n divididos en diferentes grupos de actuaci\u00f3n, que dieron un espect\u00e1culo descarado con gorras de b\u00e9isbol y gafas de sol chulas. Incluso el jefe, el Sr. Probst, apareci\u00f3 en la letra y el estribillo \"D-A-N-K-E Stet-ten auf Wie-der-sehn\" era tan pegadizo que muchos padres y hermanos pudieron cantarlo. La canci\u00f3n de despedida, que tambi\u00e9n se ensay\u00f3 intensamente, conmovi\u00f3 incluso a algunos hasta las l\u00e1grimas, y la \u00faltima contribuci\u00f3n de la clase de metales y el bis \"And when the saints\", que fue reclamado con muchos aplausos, redondearon las actuaciones.<br>A continuaci\u00f3n, la Sra. L\u00f6ffler procedi\u00f3 a la entrega de los regalos y diplomas. Cada ni\u00f1o recibi\u00f3 un diploma plastificado con un sello del colegio por haber terminado con \u00e9xito la escuela primaria y un peque\u00f1o regalo de despedida envuelto con cari\u00f1o por los profesores. Los cuatro representantes de los padres tambi\u00e9n recibieron flores y bombones.\u00a0<br>El representante de los padres de la clase 4b pronunci\u00f3 un peque\u00f1o discurso de agradecimiento y los dos colegas, junto con los profesores de secundaria, recibieron regalos y flores.<\/p>\n\n\n\n<figure class=\"wp-block-image size-large\"><img loading=\"lazy\" decoding=\"async\" width=\"1024\" height=\"684\" src=\"https:\/\/www.schulzentrum-stetten-akm.de\/wp-content\/uploads\/2023\/07\/Verabschiedung-Bild-2-2-1024x684.jpeg\" alt=\"\" class=\"wp-image-6251\" srcset=\"https:\/\/www.schulzentrum-stetten-akm.de\/wp-content\/uploads\/2023\/07\/Verabschiedung-Bild-2-2-1024x684.jpeg 1024w, https:\/\/www.schulzentrum-stetten-akm.de\/wp-content\/uploads\/2023\/07\/Verabschiedung-Bild-2-2-300x200.jpeg 300w, https:\/\/www.schulzentrum-stetten-akm.de\/wp-content\/uploads\/2023\/07\/Verabschiedung-Bild-2-2-768x513.jpeg 768w, https:\/\/www.schulzentrum-stetten-akm.de\/wp-content\/uploads\/2023\/07\/Verabschiedung-Bild-2-2-1536x1026.jpeg 1536w, https:\/\/www.schulzentrum-stetten-akm.de\/wp-content\/uploads\/2023\/07\/Verabschiedung-Bild-2-2-18x12.jpeg 18w, https:\/\/www.schulzentrum-stetten-akm.de\/wp-content\/uploads\/2023\/07\/Verabschiedung-Bild-2-2.jpeg 1598w\" sizes=\"auto, (max-width: 1024px) 100vw, 1024px\" \/><figcaption class=\"wp-element-caption\">Alegr\u00eda por el hermoso reconocimiento entre los profesores: (de izquierda a derecha) Christine Burkhart, Julio Becerra, Jana Lorch, Yasemin Karacan y Annika L\u00f6ffler.<\/figcaption><\/figure>\n\n\n\n<p><br>A continuaci\u00f3n, todo el mundo pudo darse un fest\u00edn en el enorme buf\u00e9 y hubo muchas conversaciones amistosas y agradecidas en torno a bollos de frutos secos y pizza, saludables aperitivos para picar con los dedos y magdalenas. Los que quisieron tambi\u00e9n pudieron comprar una cerveza de teatro del Teatro de Verano de Stetten, Radler o bebidas sin alcohol para rehumedecer las gargantas que se hab\u00edan quedado secas.<br>Una despedida exitosa en todos los sentidos, que todos los que pudieron presenciarla recordar\u00e1n con cari\u00f1o.<br><\/p>","protected":false},"excerpt":{"rendered":"<p>Informe de Dorothea Asal. El pasado martes, 18 de julio, tuvo lugar la ceremonia de despedida de las clases de cuarto bajo la direcci\u00f3n de las profesoras de clase Sra. Annika L\u00f6ffler 4a y Sra. Yasemin Karacan 4b ... <\/p>","protected":false},"author":1,"featured_media":6249,"comment_status":"closed","ping_status":"closed","sticky":false,"template":"","format":"standard","meta":{"footnotes":""},"categories":[20],"tags":[],"class_list":["post-6246","post","type-post","status-publish","format-standard","has-post-thumbnail","hentry","category-veranstaltungen"],"_links":{"self":[{"href":"https:\/\/www.schulzentrum-stetten-akm.de\/es\/wp-json\/wp\/v2\/posts\/6246","targetHints":{"allow":["GET"]}}],"collection":[{"href":"https:\/\/www.schulzentrum-stetten-akm.de\/es\/wp-json\/wp\/v2\/posts"}],"about":[{"href":"https:\/\/www.schulzentrum-stetten-akm.de\/es\/wp-json\/wp\/v2\/types\/post"}],"author":[{"embeddable":true,"href":"https:\/\/www.schulzentrum-stetten-akm.de\/es\/wp-json\/wp\/v2\/users\/1"}],"replies":[{"embeddable":true,"href":"https:\/\/www.schulzentrum-stetten-akm.de\/es\/wp-json\/wp\/v2\/comments?post=6246"}],"version-history":[{"count":3,"href":"https:\/\/www.schulzentrum-stetten-akm.de\/es\/wp-json\/wp\/v2\/posts\/6246\/revisions"}],"predecessor-version":[{"id":6303,"href":"https:\/\/www.schulzentrum-stetten-akm.de\/es\/wp-json\/wp\/v2\/posts\/6246\/revisions\/6303"}],"wp:featuredmedia":[{"embeddable":true,"href":"https:\/\/www.schulzentrum-stetten-akm.de\/es\/wp-json\/wp\/v2\/media\/6249"}],"wp:attachment":[{"href":"https:\/\/www.schulzentrum-stetten-akm.de\/es\/wp-json\/wp\/v2\/media?parent=6246"}],"wp:term":[{"taxonomy":"category","embeddable":true,"href":"https:\/\/www.schulzentrum-stetten-akm.de\/es\/wp-json\/wp\/v2\/categories?post=6246"},{"taxonomy":"post_tag","embeddable":true,"href":"https:\/\/www.schulzentrum-stetten-akm.de\/es\/wp-json\/wp\/v2\/tags?post=6246"}],"curies":[{"name":"wp","href":"https:\/\/api.w.org\/{rel}","templated":true}]}}