{"id":6228,"date":"2023-07-16T13:07:19","date_gmt":"2023-07-16T11:07:19","guid":{"rendered":"https:\/\/www.schulzentrum-stetten-akm.de\/?p=6228"},"modified":"2023-07-18T15:22:44","modified_gmt":"2023-07-18T13:22:44","slug":"clase-3a-gana-el-concurso-de-fotografia","status":"publish","type":"post","link":"https:\/\/www.schulzentrum-stetten-akm.de\/es\/clase-3a-gana-el-concurso-de-fotografia\/","title":{"rendered":"La clase 3a gana el concurso de fotograf\u00eda"},"content":{"rendered":"<p>Renate Biselli est\u00e1 orgullosa de sus hijos: el 3a ha ganado el concurso de fotograf\u00eda \"Nuestro hogar en el punto de mira\" con la imagen \"Un reino colorido para los insectos\". El proyecto \"Proteger y fomentar la diversidad biol\u00f3gica: nuestro hogar en el punto de mira\" est\u00e1 dirigido a los alumnos de 3\u00ba y 4\u00ba de primaria de Baden-W\u00fcrttemberg en el curso escolar 2022\/2023. Los temas de la conservaci\u00f3n de la naturaleza y la preservaci\u00f3n de la diversidad de los h\u00e1bitats se les har\u00e1n llegar a casa de forma amena para los ni\u00f1os. <\/p>\n\n\n\n<p>La pradera que aparece en la foto es un peque\u00f1o para\u00edso natural que sirve de hogar y refugio a muchos insectos y animales de vida libre. Es especialmente \u00fatil como fuente de n\u00e9ctar para diversas abejas silvestres. Para contribuir a su protecci\u00f3n, la clase 3a construy\u00f3 hoteles para insectos con latas viejas y material de relleno natural y los coloc\u00f3 tanto en el prado como en el patio del centro escolar: \u00a1ya se vio una abeja alba\u00f1il durante el recreo!<\/p>\n\n\n\n<figure class=\"wp-block-image size-large\"><img loading=\"lazy\" decoding=\"async\" width=\"1024\" height=\"768\" src=\"https:\/\/www.schulzentrum-stetten-akm.de\/wp-content\/uploads\/2023\/07\/Klasse-3-Fotowettbewerb-1024x768.jpg\" alt=\"\" class=\"wp-image-6237\" srcset=\"https:\/\/www.schulzentrum-stetten-akm.de\/wp-content\/uploads\/2023\/07\/Klasse-3-Fotowettbewerb-1024x768.jpg 1024w, https:\/\/www.schulzentrum-stetten-akm.de\/wp-content\/uploads\/2023\/07\/Klasse-3-Fotowettbewerb-300x225.jpg 300w, https:\/\/www.schulzentrum-stetten-akm.de\/wp-content\/uploads\/2023\/07\/Klasse-3-Fotowettbewerb-768x576.jpg 768w, https:\/\/www.schulzentrum-stetten-akm.de\/wp-content\/uploads\/2023\/07\/Klasse-3-Fotowettbewerb-1536x1152.jpg 1536w, https:\/\/www.schulzentrum-stetten-akm.de\/wp-content\/uploads\/2023\/07\/Klasse-3-Fotowettbewerb-16x12.jpg 16w, https:\/\/www.schulzentrum-stetten-akm.de\/wp-content\/uploads\/2023\/07\/Klasse-3-Fotowettbewerb.jpg 1920w\" sizes=\"auto, (max-width: 1024px) 100vw, 1024px\" \/><figcaption class=\"wp-element-caption\">Los 3a est\u00e1n contentos con sus ganancias.<\/figcaption><\/figure>\n\n\n\n<p>Adem\u00e1s de la publicaci\u00f3n de la obra ganadora, la clase de primaria recibi\u00f3 100 euros para la tesorer\u00eda de la clase, canicas de flores y un certificado.<\/p>","protected":false},"excerpt":{"rendered":"<p>Renate Biselli est\u00e1 orgullosa de sus hijos: el 3a gan\u00f3 el concurso de fotograf\u00eda \"Nuestro hogar en el punto de mira\" con la imagen \"Un reino de colores para los insectos\". El proyecto \"Proteger la biodiversidad y... <\/p>","protected":false},"author":1,"featured_media":6229,"comment_status":"closed","ping_status":"closed","sticky":false,"template":"","format":"standard","meta":{"footnotes":""},"categories":[1,22],"tags":[],"class_list":["post-6228","post","type-post","status-publish","format-standard","has-post-thumbnail","hentry","category-allgemein","category-schulalltag"],"_links":{"self":[{"href":"https:\/\/www.schulzentrum-stetten-akm.de\/es\/wp-json\/wp\/v2\/posts\/6228","targetHints":{"allow":["GET"]}}],"collection":[{"href":"https:\/\/www.schulzentrum-stetten-akm.de\/es\/wp-json\/wp\/v2\/posts"}],"about":[{"href":"https:\/\/www.schulzentrum-stetten-akm.de\/es\/wp-json\/wp\/v2\/types\/post"}],"author":[{"embeddable":true,"href":"https:\/\/www.schulzentrum-stetten-akm.de\/es\/wp-json\/wp\/v2\/users\/1"}],"replies":[{"embeddable":true,"href":"https:\/\/www.schulzentrum-stetten-akm.de\/es\/wp-json\/wp\/v2\/comments?post=6228"}],"version-history":[{"count":2,"href":"https:\/\/www.schulzentrum-stetten-akm.de\/es\/wp-json\/wp\/v2\/posts\/6228\/revisions"}],"predecessor-version":[{"id":6239,"href":"https:\/\/www.schulzentrum-stetten-akm.de\/es\/wp-json\/wp\/v2\/posts\/6228\/revisions\/6239"}],"wp:featuredmedia":[{"embeddable":true,"href":"https:\/\/www.schulzentrum-stetten-akm.de\/es\/wp-json\/wp\/v2\/media\/6229"}],"wp:attachment":[{"href":"https:\/\/www.schulzentrum-stetten-akm.de\/es\/wp-json\/wp\/v2\/media?parent=6228"}],"wp:term":[{"taxonomy":"category","embeddable":true,"href":"https:\/\/www.schulzentrum-stetten-akm.de\/es\/wp-json\/wp\/v2\/categories?post=6228"},{"taxonomy":"post_tag","embeddable":true,"href":"https:\/\/www.schulzentrum-stetten-akm.de\/es\/wp-json\/wp\/v2\/tags?post=6228"}],"curies":[{"name":"wp","href":"https:\/\/api.w.org\/{rel}","templated":true}]}}