{"id":5766,"date":"2023-01-26T08:06:51","date_gmt":"2023-01-26T07:06:51","guid":{"rendered":"https:\/\/www.schulzentrum-stetten-akm.de\/?p=5766"},"modified":"2024-04-08T14:03:21","modified_gmt":"2024-04-08T12:03:21","slug":"asociacion-educativa-del-centro-escolar-stetten-a-k-m-con-la-caja-de-ahorros-pfullendorf-messkirch","status":"publish","type":"post","link":"https:\/\/www.schulzentrum-stetten-akm.de\/es\/asociacion-educativa-del-centro-escolar-stetten-a-k-m-con-la-caja-de-ahorros-pfullendorf-messkirch\/","title":{"rendered":"Asociaci\u00f3n educativa del Centro Escolar Stetten a.k.M. con la Sparkasse Pfullendorf-Me\u00dfkirch"},"content":{"rendered":"<p><em>Art\u00edculo de Gerd Feuerstein<\/em> <br><br>Con el claro objetivo de \"orientar en profundidad la carrera profesional de los alumnos\", el centro escolar de Stetten y la Sparkasse Pfullendorf-Me\u00dfkirch iniciaron el pasado mi\u00e9rcoles una colaboraci\u00f3n educativa. Aunque el centro escolar local y la instituci\u00f3n financiera llevan mucho tiempo colaborando con \u00e9xito, la estrecha cooperaci\u00f3n se sell\u00f3 ahora oficialmente con la firma de un acuerdo de cooperaci\u00f3n.<\/p>\n\n\n\n<p>El rector Christof Probst comenz\u00f3 expresando su satisfacci\u00f3n por el hecho de que el sistema de formaci\u00f3n profesional del centro escolar de Stetten se haya situado en una posici\u00f3n completamente nueva en los \u00faltimos meses. Probst no dej\u00f3 lugar a dudas de que esto se deb\u00eda al \"compromiso muy especial de Jessica Zwick\", que la profesora ha demostrado adem\u00e1s de a su propia \u00e1rea de responsabilidad: \"Mientras tanto, estamos realmente mucho mejor posicionados\", dijo el rector. Le complace sobremanera que el compromiso de Jessica Zwick se haya traducido ahora en acuerdos de cooperaci\u00f3n concretos. Hoy, la ya buena cooperaci\u00f3n con la Sparkasse se asentar\u00e1 sobre una base s\u00f3lida, de la que se beneficiar\u00e1 el centro escolar y especialmente sus alumnos de octavo y noveno curso.<\/p>\n\n\n\n<p>El director regional Martin Henkenius tambi\u00e9n hizo hincapi\u00e9 en ello. En presencia del director de la sucursal de Stetten, Manfred Kohl, hizo saber que la caja de ahorros de la zona de Pfullendorf-Me\u00dfkirch mantiene este tipo de cooperaciones con casi todas las escuelas. La formaci\u00f3n para la b\u00fasqueda de empleo en las escuelas siempre ha formado parte del repertorio ofrecido por la Sparkasse. Tambi\u00e9n se ha convertido en norma la informaci\u00f3n actualizada sobre \"todo lo relacionado con las cuentas\" o sobre \"banca en l\u00ednea\". Jessica Zwick dej\u00f3 claro que esto fue muy bien recibido por los alumnos, poniendo como ejemplo una clase que el jefe local de la Sparkasse, Manfred Kohl, hab\u00eda dado recientemente a los alumnos de octavo curso: \"Todo estaba muy orientado a la acci\u00f3n\", dijo, y se hab\u00eda demostrado en la pr\u00e1ctica en la pizarra y en las tabletas utilizando un tel\u00e9fono m\u00f3vil conectado. Despu\u00e9s, los alumnos quedaron \"alucinados\", lo que a la postre se demostr\u00f3 tambi\u00e9n en \"pruebas de rendimiento muy buenas\", subray\u00f3 Jessica Zwick, antes de que el director Christof Probst y el director regional Martin Henkenius sellaran oficialmente el acuerdo de cooperaci\u00f3n con sus firmas.<\/p>\n\n\n\n<p>Pie de foto:<\/p>\n\n\n\n<p><em>Foto: En el centro escolar de Stetten, el Director Regional Martin Henkenius y el Director Christof Probst (delante desde la izquierda) firman el acuerdo. Al fondo, la profesora Jessica Zwick y el director de la sucursal, Manfred Kohl, felices.<\/em><\/p>","protected":false},"excerpt":{"rendered":"<p>Art\u00edculo de Gerd Feuerstein Con el claro objetivo de \"profundizar en la orientaci\u00f3n profesional de los alumnos\", el Centro Escolar de Stetten y la Sparkasse Pfullendorf-Me\u00dfkirch iniciaron el pasado mi\u00e9rcoles una colaboraci\u00f3n educativa. Aunque ... <\/p>","protected":false},"author":1,"featured_media":5767,"comment_status":"closed","ping_status":"closed","sticky":false,"template":"","format":"standard","meta":{"footnotes":""},"categories":[44,1],"tags":[],"class_list":["post-5766","post","type-post","status-publish","format-standard","has-post-thumbnail","hentry","category-berufsorientierung","category-allgemein"],"_links":{"self":[{"href":"https:\/\/www.schulzentrum-stetten-akm.de\/es\/wp-json\/wp\/v2\/posts\/5766","targetHints":{"allow":["GET"]}}],"collection":[{"href":"https:\/\/www.schulzentrum-stetten-akm.de\/es\/wp-json\/wp\/v2\/posts"}],"about":[{"href":"https:\/\/www.schulzentrum-stetten-akm.de\/es\/wp-json\/wp\/v2\/types\/post"}],"author":[{"embeddable":true,"href":"https:\/\/www.schulzentrum-stetten-akm.de\/es\/wp-json\/wp\/v2\/users\/1"}],"replies":[{"embeddable":true,"href":"https:\/\/www.schulzentrum-stetten-akm.de\/es\/wp-json\/wp\/v2\/comments?post=5766"}],"version-history":[{"count":1,"href":"https:\/\/www.schulzentrum-stetten-akm.de\/es\/wp-json\/wp\/v2\/posts\/5766\/revisions"}],"predecessor-version":[{"id":5768,"href":"https:\/\/www.schulzentrum-stetten-akm.de\/es\/wp-json\/wp\/v2\/posts\/5766\/revisions\/5768"}],"wp:featuredmedia":[{"embeddable":true,"href":"https:\/\/www.schulzentrum-stetten-akm.de\/es\/wp-json\/wp\/v2\/media\/5767"}],"wp:attachment":[{"href":"https:\/\/www.schulzentrum-stetten-akm.de\/es\/wp-json\/wp\/v2\/media?parent=5766"}],"wp:term":[{"taxonomy":"category","embeddable":true,"href":"https:\/\/www.schulzentrum-stetten-akm.de\/es\/wp-json\/wp\/v2\/categories?post=5766"},{"taxonomy":"post_tag","embeddable":true,"href":"https:\/\/www.schulzentrum-stetten-akm.de\/es\/wp-json\/wp\/v2\/tags?post=5766"}],"curies":[{"name":"wp","href":"https:\/\/api.w.org\/{rel}","templated":true}]}}