{"id":5449,"date":"2022-09-28T13:34:12","date_gmt":"2022-09-28T11:34:12","guid":{"rendered":"https:\/\/www.schulzentrum-stetten-akm.de\/?p=5449"},"modified":"2022-11-21T10:24:05","modified_gmt":"2022-11-21T09:24:05","slug":"new-faces-at-school-centre-stetten","status":"publish","type":"post","link":"https:\/\/www.schulzentrum-stetten-akm.de\/es\/new-faces-at-school-centre-stetten\/","title":{"rendered":"Nuevas caras en el centro escolar de Stetten"},"content":{"rendered":"<p>Este curso escolar, el Centro Escolar Stetten da la bienvenida a muchos nuevos compa\u00f1eros que enriquecen con su trabajo y compromiso al alumnado y al profesorado y garantizan una buena oferta de clases en el presente curso escolar.<\/p>\n\n\n\n<p>En la escuela primaria, Maria Fr\u00f6hlich, de Sigmaringen, ha empezado a trabajar como profesora de 3b tras completar con \u00e9xito su periodo de pr\u00e1cticas. Concede especial importancia a la creaci\u00f3n de un ambiente de clase agradable que haga que los alumnos disfruten yendo a la escuela. En el \u00e1mbito privado, lleva muchos a\u00f1os trabajando como monitora juvenil en el Club Alpino Alem\u00e1n.<\/p>\n\n\n\n<p>Annika Gscheidle, de Stetten a.k.M., tambi\u00e9n es profesora en pr\u00e1cticas, principalmente de la clase 3, y est\u00e1 encantada de compartir su amor por su ciudad natal con los alumnos de primaria de la localidad.<\/p>\n\n\n\n<p>Renate Biselli, de Leibertingen, es maestra de primaria y secundaria y profesora de 3a. Para ella es importante que los ni\u00f1os se entusiasmen con la flora y la fauna de su tierra.<\/p>\n\n\n\n<p>Annika L\u00f6ffler, de Stetten, comenz\u00f3 su carrera docente como profesora de primaria en el centro escolar el a\u00f1o pasado, tras finalizar con \u00e9xito sus pr\u00e1cticas. Como profesora de la clase 4a, le interesa especialmente despertar en sus protegidos el gusto por aprender, la lectura y el amor por la naturaleza.<\/p>\n\n\n\n<p>En la escuela comunitaria, Annette Karsten fue contratada como profesora de Real y Hauptschule tras finalizar con \u00e9xito sus pr\u00e1cticas. Es monitora del grupo de aprendizaje 8.2 y desde este curso tambi\u00e9n vive en Stetten a.k.M. Adem\u00e1s de su labor docente, es responsable de la educaci\u00f3n digital, la coordinaci\u00f3n de los Ipads en clase y el perfeccionamiento del dise\u00f1o digital de las clases. Adem\u00e1s de su labor docente, imparte cursos de danza para <em>danza moderna<\/em> en Albstadt.<\/p>\n\n\n\n<p>El profesor de la Realschule Mihael Sim, de Sigmaringen, que termin\u00f3 con \u00e9xito sus pr\u00e1cticas en la Liebfrauenschule el curso pasado, es nuevo en la GMS. Es animador de grupos de aprendizaje de LG 7.1 y responsable de la administraci\u00f3n de la red de la escuela. Como hobby, le apasiona jugar al voleibol.<\/p>\n\n\n\n<p>La profesora de la Realschule Ina Christlbauer, que este a\u00f1o ense\u00f1a en la GMS en comisi\u00f3n de servicios desde la Grafen-von-Zimmern-Realschule Me\u00dfkirch, es tutora de grupos de aprendizaje para 7.2. Sus aficiones son el b\u00e1dminton y el fitness.<\/p>\n\n\n\n<p>Jessica Zwick, de Veringenstadt, ya ha sido contratada como profesora de Werkreal, Real y Hauptschule tras su per\u00edodo de pr\u00e1cticas en el GMS el curso pasado. Es animadora de grupos de aprendizaje para LG 8.1 y, como representante de BO, se encarga de planificar y coordinar la orientaci\u00f3n profesional en la escuela comunitaria.<\/p>\n\n\n\n<p>Andrea Ruda, de Stetten, vuelve al GMS tras un a\u00f1o de comisi\u00f3n de servicio en Sigmaringen y trabaja principalmente como profesora de asignaturas de Educaci\u00f3n F\u00edsica y Religi\u00f3n Cat\u00f3lica. Est\u00e1 comprometida con el desarrollo ulterior del centro escolar como escuela certificada centrada en la educaci\u00f3n del movimiento. Como entrenadora en el centro de fitness y salud, refuerza la cooperaci\u00f3n en deportes de inclinaci\u00f3n entre la escuela y el club. Fuera de la escuela, participa activamente como concejala en Stetten.<\/p>\n\n\n\n<p>Ilona N\u00f3bik-Scheel se incorpor\u00f3 al GMS el curso pasado como nueva profesora de m\u00fasica. Naci\u00f3 en Hungr\u00eda, estudi\u00f3 m\u00fasica y filosof\u00eda\/\u00e9tica en las universidades de P\u00e9cs y Tubinga en 2009 y trabaja como organista a tiempo parcial.<\/p>\n\n\n\n<p>Leonie Baier tambi\u00e9n es profesora de secundaria en GMS desde hace un a\u00f1o. Es profesora de franc\u00e9s de secundaria y participa en la organizaci\u00f3n de un intercambio de estudiantes con una escuela francesa.<\/p>\n\n\n\n<p>Tina Wolfram, de Stetten a.k.M., refuerza el equipo de GMS desde junio de 2020. La profesora de primaria, secundaria y bachillerato se traslad\u00f3 de la escuela comunitaria de Mengen al centro escolar tras una baja por maternidad o paternidad. Como profesora de asignaturas, imparte religi\u00f3n cat\u00f3lica en primaria, as\u00ed como matem\u00e1ticas, AES y BNT en secundaria.<\/p>\n\n\n\n<p>La profesora de Realschule Carolin Nipp, de Krauchenwies, ha vuelto a GMS tras una pausa de varios a\u00f1os e imparte las asignaturas de matem\u00e1ticas y AES. Para ella es importante que los alumnos adquieran las habilidades necesarias para su vida futura.<\/p>\n\n\n\n<p>En el \u00e1mbito de la inclusi\u00f3n, este a\u00f1o dos profesores que tambi\u00e9n hab\u00edan ense\u00f1ado en el centro escolar se ocupan de alumnos con necesidades educativas especiales. Dorothea Asal, de Bisingen, que estudi\u00f3 educaci\u00f3n ling\u00fc\u00edstica y dificultades de aprendizaje, trabaja en primaria en las clases 1, 3 y 4, y en secundaria en los grupos de aprendizaje 6, 7 y 9.<\/p>\n\n\n\n<p>El profesor de necesidades especiales Michael Cafetzakis, de Sigmaringen, es responsable de la inclusi\u00f3n en el grupo de aprendizaje 5.1.<\/p>\n\n\n\n<p>La calidad de un buen centro escolar no s\u00f3lo se mide por una oferta docente \u00f3ptima, sino tambi\u00e9n por un trabajo social escolar bien desarrollado, que ofrezca un punto de contacto a los ni\u00f1os necesitados y pueda aportar medidas de acompa\u00f1amiento para el \u00e9xito escolar. Tobias Buck, jefe de trabajo social escolar del centro escolar de Stetten, puede contar este curso escolar con personal adicional en su equipo: Emely Tiefenbach, de Ort, y Lara Reise, de Ort, le apoyar\u00e1n en el programa de jornada completa de la escuela primaria hasta el curso que viene y son responsables del lugar de encuentro Kubus, que ofrece actividades de recreo y momentos de encuentro para los alumnos de GMS.<\/p>\n\n\n\n<p>Leonhard L\u00f6ffler, de Stetten a.k.M., estudia actualmente trabajo social, trabajo en red y espacio social. Ejerce como param\u00e9dico escolar y trabajador de apoyo para el trabajo social escolar.<\/p>\n\n\n\n<p>La pedagoga social Karin Geuder, de Winterlingen, es la persona de contacto para el trabajo social en grupo (SGA), que tiene lugar los mi\u00e9rcoles por la tarde en la escuela. La oferta de cooperaci\u00f3n en colaboraci\u00f3n con el departamento de juventud del distrito de Sigmaringen y la Mariaberger A&amp;S gGmbH est\u00e1 dirigida a ni\u00f1os y j\u00f3venes a partir de 5\u00ba curso y sirve para reforzar las competencias socioemocionales.<\/p>\n\n\n\n<p>Leif Bauer termin\u00f3 el bachillerato en la escuela comunitaria el a\u00f1o pasado y ahora ejerce su voluntariado social como trabajador de apoyo adicional para los alumnos de educaci\u00f3n f\u00edsica de primaria. Adem\u00e1s de ir a la escuela, le gusta jugar al baloncesto o al f\u00fatbol, que son especialmente populares entre los alumnos.<\/p>\n\n\n\n<p>En general, el centro escolar de Stetten cuenta tambi\u00e9n este curso con una buena dotaci\u00f3n de personal y puede garantizar una alta calidad constante de ense\u00f1anza y atenci\u00f3n a los alumnos.<\/p>\n\n\n\n<p><em>En la foto, de izquierda a derecha: Mihael Sim, Renate Biselli, Ilona Nobik-Scheel, Maria Fr\u00f6hlich e Ina Christlbauer.<\/em><\/p>","protected":false},"excerpt":{"rendered":"<p>Este curso escolar, el Centro Escolar Stetten da la bienvenida a muchos nuevos compa\u00f1eros que enriquecen con su trabajo y compromiso al alumnado y al profesorado y garantizan una buena oferta de clases en el presente curso escolar. <\/p>","protected":false},"author":1,"featured_media":5450,"comment_status":"closed","ping_status":"closed","sticky":false,"template":"","format":"standard","meta":{"footnotes":""},"categories":[1,22],"tags":[],"class_list":["post-5449","post","type-post","status-publish","format-standard","has-post-thumbnail","hentry","category-allgemein","category-schulalltag"],"_links":{"self":[{"href":"https:\/\/www.schulzentrum-stetten-akm.de\/es\/wp-json\/wp\/v2\/posts\/5449","targetHints":{"allow":["GET"]}}],"collection":[{"href":"https:\/\/www.schulzentrum-stetten-akm.de\/es\/wp-json\/wp\/v2\/posts"}],"about":[{"href":"https:\/\/www.schulzentrum-stetten-akm.de\/es\/wp-json\/wp\/v2\/types\/post"}],"author":[{"embeddable":true,"href":"https:\/\/www.schulzentrum-stetten-akm.de\/es\/wp-json\/wp\/v2\/users\/1"}],"replies":[{"embeddable":true,"href":"https:\/\/www.schulzentrum-stetten-akm.de\/es\/wp-json\/wp\/v2\/comments?post=5449"}],"version-history":[{"count":4,"href":"https:\/\/www.schulzentrum-stetten-akm.de\/es\/wp-json\/wp\/v2\/posts\/5449\/revisions"}],"predecessor-version":[{"id":5454,"href":"https:\/\/www.schulzentrum-stetten-akm.de\/es\/wp-json\/wp\/v2\/posts\/5449\/revisions\/5454"}],"wp:featuredmedia":[{"embeddable":true,"href":"https:\/\/www.schulzentrum-stetten-akm.de\/es\/wp-json\/wp\/v2\/media\/5450"}],"wp:attachment":[{"href":"https:\/\/www.schulzentrum-stetten-akm.de\/es\/wp-json\/wp\/v2\/media?parent=5449"}],"wp:term":[{"taxonomy":"category","embeddable":true,"href":"https:\/\/www.schulzentrum-stetten-akm.de\/es\/wp-json\/wp\/v2\/categories?post=5449"},{"taxonomy":"post_tag","embeddable":true,"href":"https:\/\/www.schulzentrum-stetten-akm.de\/es\/wp-json\/wp\/v2\/tags?post=5449"}],"curies":[{"name":"wp","href":"https:\/\/api.w.org\/{rel}","templated":true}]}}