{"id":5301,"date":"2022-07-15T08:30:35","date_gmt":"2022-07-15T06:30:35","guid":{"rendered":"https:\/\/www.schulzentrum-stetten-akm.de\/?p=5301"},"modified":"2022-07-20T10:32:44","modified_gmt":"2022-07-20T08:32:44","slug":"viaje-y-baloncesto-en-berlin","status":"publish","type":"post","link":"https:\/\/www.schulzentrum-stetten-akm.de\/es\/viaje-y-baloncesto-en-berlin\/","title":{"rendered":"Viaje a Berl\u00edn y baloncesto"},"content":{"rendered":"<figure class=\"wp-block-gallery has-nested-images columns-default is-cropped wp-block-gallery-1 is-layout-flex wp-block-gallery-is-layout-flex\">\n<figure class=\"wp-block-image size-large\"><img loading=\"lazy\" decoding=\"async\" width=\"1024\" height=\"683\" data-id=\"5304\" src=\"https:\/\/www.schulzentrum-stetten-akm.de\/wp-content\/uploads\/2022\/07\/Berlin-Basketball3-1024x683.jpg\" alt=\"\" class=\"wp-image-5304\" srcset=\"https:\/\/www.schulzentrum-stetten-akm.de\/wp-content\/uploads\/2022\/07\/Berlin-Basketball3-1024x683.jpg 1024w, https:\/\/www.schulzentrum-stetten-akm.de\/wp-content\/uploads\/2022\/07\/Berlin-Basketball3-300x200.jpg 300w, https:\/\/www.schulzentrum-stetten-akm.de\/wp-content\/uploads\/2022\/07\/Berlin-Basketball3-768x512.jpg 768w, https:\/\/www.schulzentrum-stetten-akm.de\/wp-content\/uploads\/2022\/07\/Berlin-Basketball3-1536x1024.jpg 1536w, https:\/\/www.schulzentrum-stetten-akm.de\/wp-content\/uploads\/2022\/07\/Berlin-Basketball3-scaled.jpg 2048w\" sizes=\"auto, (max-width: 1024px) 100vw, 1024px\" \/><\/figure>\n\n\n\n<figure class=\"wp-block-image size-large\"><img loading=\"lazy\" decoding=\"async\" width=\"1024\" height=\"768\" data-id=\"5303\" src=\"https:\/\/www.schulzentrum-stetten-akm.de\/wp-content\/uploads\/2022\/07\/Basketball_Berlin1-1024x768.jpeg\" alt=\"\" class=\"wp-image-5303\" srcset=\"https:\/\/www.schulzentrum-stetten-akm.de\/wp-content\/uploads\/2022\/07\/Basketball_Berlin1-1024x768.jpeg 1024w, https:\/\/www.schulzentrum-stetten-akm.de\/wp-content\/uploads\/2022\/07\/Basketball_Berlin1-300x225.jpeg 300w, https:\/\/www.schulzentrum-stetten-akm.de\/wp-content\/uploads\/2022\/07\/Basketball_Berlin1-768x576.jpeg 768w, https:\/\/www.schulzentrum-stetten-akm.de\/wp-content\/uploads\/2022\/07\/Basketball_Berlin1-1536x1152.jpeg 1536w, https:\/\/www.schulzentrum-stetten-akm.de\/wp-content\/uploads\/2022\/07\/Basketball_Berlin1.jpeg 1600w\" sizes=\"auto, (max-width: 1024px) 100vw, 1024px\" \/><\/figure>\n<\/figure>\n\n\n\n<p>Los grupos de aprendizaje 9 y 10 estuvieron la semana pasada en Berl\u00edn en sus respectivos viajes de fin de curso. Nuestro profesor de baloncesto, el Sr. Becerra, aprovech\u00f3 la ocasi\u00f3n para celebrar un encuentro deportivo que nuestros compa\u00f1eros no olvidar\u00e1n en mucho tiempo.<\/p>\n\n\n\n<p>El Sr. Becerra, junto con uno de sus antiguos alumnos de Chile, que actualmente trabaja en la universidad de Berl\u00edn, organiz\u00f3 un partido entre nuestro equipo de baloncesto de Stetten, que \u00e9l mismo hab\u00eda formado para Jugend Trainiert f\u00fcr Olympia, y un equipo de BC Lions Moabit.<\/p>\n\n\n\n<p>Nuestro equipo cont\u00f3 con el apoyo activo de sus grupos de aprendizaje y de amigos y conocidos de los profesores de Berl\u00edn. Lo que, por supuesto, fue recompensado. Nuestro equipo gan\u00f3 23 a 25. <\/p>\n\n\n\n<p>Aprovechamos tambi\u00e9n para felicitar a todos una vez m\u00e1s y esperamos que \u00e9ste no sea el \u00faltimo encuentro deportivo de este tipo.<\/p>\n\n\n\n<p><\/p>","protected":false},"excerpt":{"rendered":"<p>Los grupos de aprendizaje 9 y 10 estuvieron la semana pasada en Berl\u00edn en sus respectivos viajes de fin de curso. Nuestro profesor de baloncesto, el Sr. Becerra, aprovech\u00f3 la ocasi\u00f3n para un encuentro deportivo, que nuestros compa\u00f1eros de aprendizaje... <\/p>","protected":false},"author":1,"featured_media":5302,"comment_status":"closed","ping_status":"closed","sticky":false,"template":"","format":"standard","meta":{"footnotes":""},"categories":[1,21,23],"tags":[],"class_list":["post-5301","post","type-post","status-publish","format-standard","has-post-thumbnail","hentry","category-allgemein","category-exkursionen-und-lerngaenge","category-sport"],"_links":{"self":[{"href":"https:\/\/www.schulzentrum-stetten-akm.de\/es\/wp-json\/wp\/v2\/posts\/5301","targetHints":{"allow":["GET"]}}],"collection":[{"href":"https:\/\/www.schulzentrum-stetten-akm.de\/es\/wp-json\/wp\/v2\/posts"}],"about":[{"href":"https:\/\/www.schulzentrum-stetten-akm.de\/es\/wp-json\/wp\/v2\/types\/post"}],"author":[{"embeddable":true,"href":"https:\/\/www.schulzentrum-stetten-akm.de\/es\/wp-json\/wp\/v2\/users\/1"}],"replies":[{"embeddable":true,"href":"https:\/\/www.schulzentrum-stetten-akm.de\/es\/wp-json\/wp\/v2\/comments?post=5301"}],"version-history":[{"count":2,"href":"https:\/\/www.schulzentrum-stetten-akm.de\/es\/wp-json\/wp\/v2\/posts\/5301\/revisions"}],"predecessor-version":[{"id":5321,"href":"https:\/\/www.schulzentrum-stetten-akm.de\/es\/wp-json\/wp\/v2\/posts\/5301\/revisions\/5321"}],"wp:featuredmedia":[{"embeddable":true,"href":"https:\/\/www.schulzentrum-stetten-akm.de\/es\/wp-json\/wp\/v2\/media\/5302"}],"wp:attachment":[{"href":"https:\/\/www.schulzentrum-stetten-akm.de\/es\/wp-json\/wp\/v2\/media?parent=5301"}],"wp:term":[{"taxonomy":"category","embeddable":true,"href":"https:\/\/www.schulzentrum-stetten-akm.de\/es\/wp-json\/wp\/v2\/categories?post=5301"},{"taxonomy":"post_tag","embeddable":true,"href":"https:\/\/www.schulzentrum-stetten-akm.de\/es\/wp-json\/wp\/v2\/tags?post=5301"}],"curies":[{"name":"wp","href":"https:\/\/api.w.org\/{rel}","templated":true}]}}