{"id":5289,"date":"2022-07-11T10:23:27","date_gmt":"2022-07-11T08:23:27","guid":{"rendered":"https:\/\/www.schulzentrum-stetten-akm.de\/?p=5289"},"modified":"2022-07-15T07:52:49","modified_gmt":"2022-07-15T05:52:49","slug":"contra-el-olvido","status":"publish","type":"post","link":"https:\/\/www.schulzentrum-stetten-akm.de\/es\/contra-el-olvido\/","title":{"rendered":"Contra el olvido"},"content":{"rendered":"<p>A este oscuro periodo de la historia local se dedicaron los alumnos del grupo de religi\u00f3n 9 del centro escolar Stetten am kalten Markt cuando visitaron el pasado mi\u00e9rcoles el lugar conmemorativo del campo de concentraci\u00f3n de Heuberg. Conocer lo que ha deparado el pasado com\u00fan alem\u00e1n y c\u00f3mo afect\u00f3 a su propia escuela no es s\u00f3lo una preocupaci\u00f3n escolar, sino tambi\u00e9n personal de los compa\u00f1eros.<\/p>\n<p>La capellana de la escuela y profesora de educaci\u00f3n religiosa Martina Straub, que hab\u00eda iniciado el paseo de aprendizaje, acompa\u00f1\u00f3 a su grupo de educaci\u00f3n religiosa junto con el Konrektor J\u00fcrgen Lebherz a una ceremonia en el monumento conmemorativo del cementerio ruso.<\/p>\n<p>Aqu\u00ed les da la bienvenida Walter Sambil, presidente local de la asociaci\u00f3n local SPD, que se ocupa del monumento. Siempre le complace dar a conocer a los j\u00f3venes la historia del monumento.<\/p>\n<p>La atm\u00f3sfera al aire libre es tenue, casi reverente. Los j\u00f3venes ciudadanos encienden su vela de la paz, que han fabricado en clase con su profesora, la Sra. Straub. Dejan que las palabras de la oraci\u00f3n por la paz, que se lee en voz alta, calen hondo. Conecta el paseo de aprendizaje de hoy con el tablero de la paz que crearon recientemente en clase de religi\u00f3n, donde hab\u00edan recortado palomas de la paz de textos de impulso de la Biblia y las hab\u00edan colocado alrededor de una meditaci\u00f3n sobre la paz. \u00a0<\/p>\n<p>\"Pero si quieres la paz, tienes que hacerla t\u00fa mismo\", dice. El marcado contraste entre estas palabras y el r\u00e9gimen de injusticia del Tercer Reich es ahora evidente para los alumnos.<br \/><br \/>La propaganda nacionalsocialista defin\u00eda a los opositores desagradables al gobierno como criminales y los internaba en Heuberg, el primer campo de concentraci\u00f3n alem\u00e1n para presos pol\u00edticos. Aqu\u00ed, en 1933, fueron recluidos y sometidos a tratos inhumanos m\u00e1s de 2.000 miembros de otros partidos, as\u00ed como disidentes, entre los que destac\u00f3 el que m\u00e1s tarde ser\u00eda l\u00edder del SPD, el Dr. Kurt Schumacher.<\/p>\n<p>El grupo, por lo dem\u00e1s animado, se calla de repente. Y un\u00e1nimes en que la responsabilidad hist\u00f3rica de todo ciudadano no es s\u00f3lo mantener viva la memoria, sino comprometerse en una acci\u00f3n democr\u00e1tica libre.<\/p>\n<p>Apoyar esto es una preocupaci\u00f3n central del Centro Escolar Stetten a.k.M.: \"La historia siempre est\u00e1 en casa, donde estamos y donde crecen nuestros alumnos\". Por lo tanto, hay que destacar la importancia de este lugar de aprendizaje a las puertas del Centro Escolar Stetten a.k.M. cuando se trata del tema del nacionalsocialismo. Sensibiliza a los j\u00f3venes con esta perspectiva local\", subraya J\u00fcrgen Lebherz.<\/p>","protected":false},"excerpt":{"rendered":"<p>Es un periodo oscuro de la historia local al que se dedicaron los alumnos del Grupo Religioso 9 del Centro Escolar Stetten am kalten Markt cuando el pasado mi\u00e9rcoles visitaron el lugar conmemorativo del campo de concentraci\u00f3n ... <\/p>","protected":false},"author":1,"featured_media":5290,"comment_status":"closed","ping_status":"closed","sticky":false,"template":"","format":"standard","meta":{"footnotes":""},"categories":[1,21],"tags":[],"class_list":["post-5289","post","type-post","status-publish","format-standard","has-post-thumbnail","hentry","category-allgemein","category-exkursionen-und-lerngaenge"],"_links":{"self":[{"href":"https:\/\/www.schulzentrum-stetten-akm.de\/es\/wp-json\/wp\/v2\/posts\/5289","targetHints":{"allow":["GET"]}}],"collection":[{"href":"https:\/\/www.schulzentrum-stetten-akm.de\/es\/wp-json\/wp\/v2\/posts"}],"about":[{"href":"https:\/\/www.schulzentrum-stetten-akm.de\/es\/wp-json\/wp\/v2\/types\/post"}],"author":[{"embeddable":true,"href":"https:\/\/www.schulzentrum-stetten-akm.de\/es\/wp-json\/wp\/v2\/users\/1"}],"replies":[{"embeddable":true,"href":"https:\/\/www.schulzentrum-stetten-akm.de\/es\/wp-json\/wp\/v2\/comments?post=5289"}],"version-history":[{"count":1,"href":"https:\/\/www.schulzentrum-stetten-akm.de\/es\/wp-json\/wp\/v2\/posts\/5289\/revisions"}],"predecessor-version":[{"id":5291,"href":"https:\/\/www.schulzentrum-stetten-akm.de\/es\/wp-json\/wp\/v2\/posts\/5289\/revisions\/5291"}],"wp:featuredmedia":[{"embeddable":true,"href":"https:\/\/www.schulzentrum-stetten-akm.de\/es\/wp-json\/wp\/v2\/media\/5290"}],"wp:attachment":[{"href":"https:\/\/www.schulzentrum-stetten-akm.de\/es\/wp-json\/wp\/v2\/media?parent=5289"}],"wp:term":[{"taxonomy":"category","embeddable":true,"href":"https:\/\/www.schulzentrum-stetten-akm.de\/es\/wp-json\/wp\/v2\/categories?post=5289"},{"taxonomy":"post_tag","embeddable":true,"href":"https:\/\/www.schulzentrum-stetten-akm.de\/es\/wp-json\/wp\/v2\/tags?post=5289"}],"curies":[{"name":"wp","href":"https:\/\/api.w.org\/{rel}","templated":true}]}}