{"id":5090,"date":"2021-11-22T11:05:21","date_gmt":"2021-11-22T10:05:21","guid":{"rendered":"https:\/\/www.schulzentrum-stetten-akm.de\/?p=5090"},"modified":"2022-02-16T14:37:24","modified_gmt":"2022-02-16T13:37:24","slug":"todos-los-anos-de-nuevo-dar-gozo","status":"publish","type":"post","link":"https:\/\/www.schulzentrum-stetten-akm.de\/es\/todos-los-anos-de-nuevo-dar-gozo\/","title":{"rendered":"Regalar alegr\u00eda cada a\u00f1o"},"content":{"rendered":"<p><strong>El centro escolar Stetten a.k.M. se afana en la confecci\u00f3n de paquetes para la campa\u00f1a \"Ni\u00f1os que ayudan a ni\u00f1os\". <\/strong><br><br>El hecho de que en otras partes del mundo no sea habitual poder desenvolver un paquete en Nochebuena se olvida f\u00e1cilmente durante la \u00e9poca navide\u00f1a: en este pa\u00eds, las ideas de regalo m\u00e1s creativas, las mejores ofertas de \u00faltima hora y las experiencias de compra m\u00e1s extraordinarias se encuentran precisamente en torno a la fiesta de todas las fiestas. <\/p>\n\n\n\n<p>Para que los ni\u00f1os\nni\u00f1os menos afortunados de otros pa\u00edses puedan compartir la alegr\u00eda navide\u00f1a de una sorpresa envuelta con cari\u00f1o.\nlos socios y compa\u00f1eros de aprendizaje del centro escolar Stetten a.k.M.\ndel centro escolar Stetten a.k.M. han donado una vez m\u00e1s muchos regalos para el anual\nel convoy anual de paquetes navide\u00f1os de la Fundaci\u00f3n Mesa Redonda Alemania.\ny los han enviado en su viaje a remotas regiones rurales de Europa del Este. <\/p>\n\n\n\n<p>Las donaciones en especie benefician a ni\u00f1os de orfanatos y hospitales, instituciones para discapacitados, guarder\u00edas y escuelas. <br><br>Nuestra foto muestra a Conner, Leon, Nils, Christian y Marcel, del grupo de aprendizaje 8, cargando el alegre cargamento.<\/p>\n\n\n\n<p><\/p>","protected":false},"excerpt":{"rendered":"<p>El centro escolar Stetten a.k.M. envuelve diligentemente paquetes para la campa\u00f1a \"Ni\u00f1os que ayudan a ni\u00f1os\" El hecho de poder desenvolver un paquete en Nochebuena no es algo que pueda darse por sentado en otras partes del mundo ... <\/p>","protected":false},"author":1,"featured_media":5091,"comment_status":"closed","ping_status":"closed","sticky":false,"template":"","format":"standard","meta":{"footnotes":""},"categories":[1,22],"tags":[],"class_list":["post-5090","post","type-post","status-publish","format-standard","has-post-thumbnail","hentry","category-allgemein","category-schulalltag"],"_links":{"self":[{"href":"https:\/\/www.schulzentrum-stetten-akm.de\/es\/wp-json\/wp\/v2\/posts\/5090","targetHints":{"allow":["GET"]}}],"collection":[{"href":"https:\/\/www.schulzentrum-stetten-akm.de\/es\/wp-json\/wp\/v2\/posts"}],"about":[{"href":"https:\/\/www.schulzentrum-stetten-akm.de\/es\/wp-json\/wp\/v2\/types\/post"}],"author":[{"embeddable":true,"href":"https:\/\/www.schulzentrum-stetten-akm.de\/es\/wp-json\/wp\/v2\/users\/1"}],"replies":[{"embeddable":true,"href":"https:\/\/www.schulzentrum-stetten-akm.de\/es\/wp-json\/wp\/v2\/comments?post=5090"}],"version-history":[{"count":1,"href":"https:\/\/www.schulzentrum-stetten-akm.de\/es\/wp-json\/wp\/v2\/posts\/5090\/revisions"}],"predecessor-version":[{"id":5092,"href":"https:\/\/www.schulzentrum-stetten-akm.de\/es\/wp-json\/wp\/v2\/posts\/5090\/revisions\/5092"}],"wp:featuredmedia":[{"embeddable":true,"href":"https:\/\/www.schulzentrum-stetten-akm.de\/es\/wp-json\/wp\/v2\/media\/5091"}],"wp:attachment":[{"href":"https:\/\/www.schulzentrum-stetten-akm.de\/es\/wp-json\/wp\/v2\/media?parent=5090"}],"wp:term":[{"taxonomy":"category","embeddable":true,"href":"https:\/\/www.schulzentrum-stetten-akm.de\/es\/wp-json\/wp\/v2\/categories?post=5090"},{"taxonomy":"post_tag","embeddable":true,"href":"https:\/\/www.schulzentrum-stetten-akm.de\/es\/wp-json\/wp\/v2\/tags?post=5090"}],"curies":[{"name":"wp","href":"https:\/\/api.w.org\/{rel}","templated":true}]}}