{"id":1414,"date":"2020-03-25T16:18:20","date_gmt":"2020-03-25T15:18:20","guid":{"rendered":"https:\/\/www.schulzentrum-stetten-akm.de\/?p=1414"},"modified":"2020-07-21T11:12:12","modified_gmt":"2020-07-21T09:12:12","slug":"escuela-sociedad-siempre-ahi","status":"publish","type":"post","link":"https:\/\/www.schulzentrum-stetten-akm.de\/es\/escuela-sociedad-siempre-ahi\/","title":{"rendered":"Soci\u00f3logo escolar - \u00a1\u00a1\u00a1siempre a tu lado!!!"},"content":{"rendered":"<p>\u00a1\u00a1\u00a1Peque\u00f1o recordatorio!!!<\/p>\n\n\n\n<figure class=\"wp-block-image size-large\"><img loading=\"lazy\" decoding=\"async\" width=\"1024\" height=\"607\" src=\"https:\/\/www.schulzentrum-stetten-akm.de\/wp-content\/uploads\/2020\/03\/Bild-25.03.20-um-15.22-1024x607.jpeg\" alt=\"\" class=\"wp-image-1410\" srcset=\"https:\/\/www.schulzentrum-stetten-akm.de\/wp-content\/uploads\/2020\/03\/Bild-25.03.20-um-15.22-1024x607.jpeg 1024w, https:\/\/www.schulzentrum-stetten-akm.de\/wp-content\/uploads\/2020\/03\/Bild-25.03.20-um-15.22-300x178.jpeg 300w, https:\/\/www.schulzentrum-stetten-akm.de\/wp-content\/uploads\/2020\/03\/Bild-25.03.20-um-15.22-768x455.jpeg 768w, https:\/\/www.schulzentrum-stetten-akm.de\/wp-content\/uploads\/2020\/03\/Bild-25.03.20-um-15.22-445x265.jpeg 445w, https:\/\/www.schulzentrum-stetten-akm.de\/wp-content\/uploads\/2020\/03\/Bild-25.03.20-um-15.22.jpeg 1098w\" sizes=\"auto, (max-width: 1024px) 100vw, 1024px\" \/><\/figure>\n\n\n\n<p>Incluso en casa necesitas a alguien (m\u00e1s) con quien hablar...<br>Nuestro trabajo social escolar siempre est\u00e1 ah\u00ed para ti, \u00a1\u00a1\u00a1incluso durante la \"baja corona\"!!! <\/p>","protected":false},"excerpt":{"rendered":"<p>\u00a1\u00a1\u00a1Un peque\u00f1o recordatorio!!! Incluso en casa necesitas a alguien (m\u00e1s) con quien hablar... \u00a1\u00a1\u00a1Nuestro trabajo social escolar siempre est\u00e1 ah\u00ed para ti, incluso durante la \"baja por corona\"!!!<\/p>","protected":false},"author":1,"featured_media":1419,"comment_status":"closed","ping_status":"closed","sticky":false,"template":"","format":"standard","meta":{"footnotes":""},"categories":[1,26],"tags":[24],"class_list":["post-1414","post","type-post","status-publish","format-standard","has-post-thumbnail","hentry","category-allgemein","category-schulsozialarbeit","tag-schulsozialarbeit"],"_links":{"self":[{"href":"https:\/\/www.schulzentrum-stetten-akm.de\/es\/wp-json\/wp\/v2\/posts\/1414","targetHints":{"allow":["GET"]}}],"collection":[{"href":"https:\/\/www.schulzentrum-stetten-akm.de\/es\/wp-json\/wp\/v2\/posts"}],"about":[{"href":"https:\/\/www.schulzentrum-stetten-akm.de\/es\/wp-json\/wp\/v2\/types\/post"}],"author":[{"embeddable":true,"href":"https:\/\/www.schulzentrum-stetten-akm.de\/es\/wp-json\/wp\/v2\/users\/1"}],"replies":[{"embeddable":true,"href":"https:\/\/www.schulzentrum-stetten-akm.de\/es\/wp-json\/wp\/v2\/comments?post=1414"}],"version-history":[{"count":4,"href":"https:\/\/www.schulzentrum-stetten-akm.de\/es\/wp-json\/wp\/v2\/posts\/1414\/revisions"}],"predecessor-version":[{"id":1418,"href":"https:\/\/www.schulzentrum-stetten-akm.de\/es\/wp-json\/wp\/v2\/posts\/1414\/revisions\/1418"}],"wp:featuredmedia":[{"embeddable":true,"href":"https:\/\/www.schulzentrum-stetten-akm.de\/es\/wp-json\/wp\/v2\/media\/1419"}],"wp:attachment":[{"href":"https:\/\/www.schulzentrum-stetten-akm.de\/es\/wp-json\/wp\/v2\/media?parent=1414"}],"wp:term":[{"taxonomy":"category","embeddable":true,"href":"https:\/\/www.schulzentrum-stetten-akm.de\/es\/wp-json\/wp\/v2\/categories?post=1414"},{"taxonomy":"post_tag","embeddable":true,"href":"https:\/\/www.schulzentrum-stetten-akm.de\/es\/wp-json\/wp\/v2\/tags?post=1414"}],"curies":[{"name":"wp","href":"https:\/\/api.w.org\/{rel}","templated":true}]}}