{"id":8710,"date":"2025-12-05T13:49:30","date_gmt":"2025-12-05T12:49:30","guid":{"rendered":"https:\/\/www.schulzentrum-stetten-akm.de\/?p=8710"},"modified":"2025-12-05T13:49:30","modified_gmt":"2025-12-05T12:49:30","slug":"fossilien-abenteuer-der-klassen-1-2","status":"publish","type":"post","link":"https:\/\/www.schulzentrum-stetten-akm.de\/en\/fossilien-abenteuer-der-klassen-1-2\/","title":{"rendered":"Fossilien-Abenteuer der Klassen 1\/2"},"content":{"rendered":"<h3 class=\"wp-block-heading\"><\/h3>\n\n\n\n<p>Zum Jahresende m\u00f6chten wir noch einmal auf unseren sch\u00f6nen Ausflug im Juli zur\u00fcckblicken.<\/p>\n\n\n\n<p>Im Juli unternahmen alle Klassen 1\/2 unseres Schulzentrums ihren Jahresausflug. An zwei Terminen \u2013 am Mittwoch, 9. Juli, und am Donnerstag, 17. Juli \u2013 machten sich die Kinder mit dem Bus auf den Weg nach Dotternhausen.<\/p>\n\n\n\n<p>Im Werkforum und Fossilienmuseum gab es eine Menge zu bestaunen: versteinerte Tiere und Pflanzen aus einer Zeit vor rund 180 Millionen Jahren. Die Kinder staunten \u00fcber die Vielzahl der Funde und bekamen spannende Einblicke in die Geschichte des Jurameeres.<\/p>\n\n\n\n<p>Im Anschluss ging es zu Fu\u00df weiter nach Dormettingen ins SchieferErlebnis. Nach einer kurzen Einf\u00fchrung durften die Kinder selbst aktiv werden: Mit Hammer und Mei\u00dfel suchten sie in gro\u00dfen Schieferplatten nach Fossilien \u2013 und wurden reichlich f\u00fcndig. Besonders sch\u00f6ne St\u00fccke konnten direkt vor Ort lackiert und so als Erinnerung mit nach Hause genommen werden.<\/p>\n\n\n\n<p>Zum Abschluss blieb noch Zeit f\u00fcr Spiel und Spa\u00df auf dem gro\u00dfen Spielplatz. Wer wollte, durfte sich au\u00dferdem ein Eis kaufen, bevor es mit dem Bus zur\u00fcck zum Schulzentrum ging.<\/p>\n\n\n\n<p>F\u00fcr alle Beteiligten war es ein abwechslungsreicher, spannender und fr\u00f6hlicher Ausflugstag \u2013 mit vielen kleinen und gro\u00dfen Entdeckungen.<\/p>\n\n\n\n<figure class=\"wp-block-image size-large\"><img loading=\"lazy\" decoding=\"async\" width=\"768\" height=\"1024\" src=\"https:\/\/www.schulzentrum-stetten-akm.de\/wp-content\/uploads\/2025\/12\/20250717_135256-768x1024.jpg\" alt=\"\" class=\"wp-image-8712\" srcset=\"https:\/\/www.schulzentrum-stetten-akm.de\/wp-content\/uploads\/2025\/12\/20250717_135256-768x1024.jpg 768w, https:\/\/www.schulzentrum-stetten-akm.de\/wp-content\/uploads\/2025\/12\/20250717_135256-225x300.jpg 225w, https:\/\/www.schulzentrum-stetten-akm.de\/wp-content\/uploads\/2025\/12\/20250717_135256-1152x1536.jpg 1152w, https:\/\/www.schulzentrum-stetten-akm.de\/wp-content\/uploads\/2025\/12\/20250717_135256-scaled.jpg 1536w, https:\/\/www.schulzentrum-stetten-akm.de\/wp-content\/uploads\/2025\/12\/20250717_135256-9x12.jpg 9w\" sizes=\"auto, (max-width: 768px) 100vw, 768px\" \/><\/figure>\n\n\n\n<figure class=\"wp-block-image size-large\"><img loading=\"lazy\" decoding=\"async\" width=\"1024\" height=\"768\" src=\"https:\/\/www.schulzentrum-stetten-akm.de\/wp-content\/uploads\/2025\/12\/20250717_110737-1024x768.jpg\" alt=\"\" class=\"wp-image-8711\" srcset=\"https:\/\/www.schulzentrum-stetten-akm.de\/wp-content\/uploads\/2025\/12\/20250717_110737-1024x768.jpg 1024w, https:\/\/www.schulzentrum-stetten-akm.de\/wp-content\/uploads\/2025\/12\/20250717_110737-300x225.jpg 300w, https:\/\/www.schulzentrum-stetten-akm.de\/wp-content\/uploads\/2025\/12\/20250717_110737-768x576.jpg 768w, https:\/\/www.schulzentrum-stetten-akm.de\/wp-content\/uploads\/2025\/12\/20250717_110737-1536x1152.jpg 1536w, https:\/\/www.schulzentrum-stetten-akm.de\/wp-content\/uploads\/2025\/12\/20250717_110737-scaled.jpg 2048w, https:\/\/www.schulzentrum-stetten-akm.de\/wp-content\/uploads\/2025\/12\/20250717_110737-16x12.jpg 16w\" sizes=\"auto, (max-width: 1024px) 100vw, 1024px\" \/><\/figure>\n\n\n\n<figure class=\"wp-block-image size-large\"><img loading=\"lazy\" decoding=\"async\" width=\"768\" height=\"1024\" src=\"https:\/\/www.schulzentrum-stetten-akm.de\/wp-content\/uploads\/2025\/12\/20250717_095301-768x1024.jpg\" alt=\"\" class=\"wp-image-8713\" srcset=\"https:\/\/www.schulzentrum-stetten-akm.de\/wp-content\/uploads\/2025\/12\/20250717_095301-768x1024.jpg 768w, https:\/\/www.schulzentrum-stetten-akm.de\/wp-content\/uploads\/2025\/12\/20250717_095301-225x300.jpg 225w, https:\/\/www.schulzentrum-stetten-akm.de\/wp-content\/uploads\/2025\/12\/20250717_095301-1152x1536.jpg 1152w, https:\/\/www.schulzentrum-stetten-akm.de\/wp-content\/uploads\/2025\/12\/20250717_095301-scaled.jpg 1536w, https:\/\/www.schulzentrum-stetten-akm.de\/wp-content\/uploads\/2025\/12\/20250717_095301-9x12.jpg 9w\" sizes=\"auto, (max-width: 768px) 100vw, 768px\" \/><\/figure>\n\n\n\n<p>Quelle: Jana Lorch<\/p>","protected":false},"excerpt":{"rendered":"<p>Zum Jahresende m\u00f6chten wir noch einmal auf unseren sch\u00f6nen Ausflug im Juli zur\u00fcckblicken. Im Juli unternahmen alle Klassen 1\/2 unseres Schulzentrums ihren Jahresausflug. An zwei Terminen \u2013 am Mittwoch, 9. &hellip; <\/p>","protected":false},"author":26,"featured_media":8714,"comment_status":"closed","ping_status":"closed","sticky":false,"template":"","format":"standard","meta":{"footnotes":""},"categories":[1,21],"tags":[],"class_list":["post-8710","post","type-post","status-publish","format-standard","has-post-thumbnail","hentry","category-allgemein","category-exkursionen-und-lerngaenge"],"_links":{"self":[{"href":"https:\/\/www.schulzentrum-stetten-akm.de\/en\/wp-json\/wp\/v2\/posts\/8710","targetHints":{"allow":["GET"]}}],"collection":[{"href":"https:\/\/www.schulzentrum-stetten-akm.de\/en\/wp-json\/wp\/v2\/posts"}],"about":[{"href":"https:\/\/www.schulzentrum-stetten-akm.de\/en\/wp-json\/wp\/v2\/types\/post"}],"author":[{"embeddable":true,"href":"https:\/\/www.schulzentrum-stetten-akm.de\/en\/wp-json\/wp\/v2\/users\/26"}],"replies":[{"embeddable":true,"href":"https:\/\/www.schulzentrum-stetten-akm.de\/en\/wp-json\/wp\/v2\/comments?post=8710"}],"version-history":[{"count":1,"href":"https:\/\/www.schulzentrum-stetten-akm.de\/en\/wp-json\/wp\/v2\/posts\/8710\/revisions"}],"predecessor-version":[{"id":8715,"href":"https:\/\/www.schulzentrum-stetten-akm.de\/en\/wp-json\/wp\/v2\/posts\/8710\/revisions\/8715"}],"wp:featuredmedia":[{"embeddable":true,"href":"https:\/\/www.schulzentrum-stetten-akm.de\/en\/wp-json\/wp\/v2\/media\/8714"}],"wp:attachment":[{"href":"https:\/\/www.schulzentrum-stetten-akm.de\/en\/wp-json\/wp\/v2\/media?parent=8710"}],"wp:term":[{"taxonomy":"category","embeddable":true,"href":"https:\/\/www.schulzentrum-stetten-akm.de\/en\/wp-json\/wp\/v2\/categories?post=8710"},{"taxonomy":"post_tag","embeddable":true,"href":"https:\/\/www.schulzentrum-stetten-akm.de\/en\/wp-json\/wp\/v2\/tags?post=8710"}],"curies":[{"name":"wp","href":"https:\/\/api.w.org\/{rel}","templated":true}]}}