{"id":8383,"date":"2025-09-03T15:24:36","date_gmt":"2025-09-03T13:24:36","guid":{"rendered":"https:\/\/www.schulzentrum-stetten-akm.de\/?p=8383"},"modified":"2025-09-11T21:07:21","modified_gmt":"2025-09-11T19:07:21","slug":"rueckblick-auf-die-letzten-schultage-vor-den-ferien","status":"publish","type":"post","link":"https:\/\/www.schulzentrum-stetten-akm.de\/en\/rueckblick-auf-die-letzten-schultage-vor-den-ferien\/","title":{"rendered":"R\u00fcckblick auf die letzten Schultage vor den Ferien"},"content":{"rendered":"<h3 class=\"wp-block-heading\"><\/h3>\n\n\n\n<p>Bevor wir ins neue Schuljahr starten, m\u00f6chten wir noch einmal auf die besonderen Momente der letzten Schultage zur\u00fcckblicken.<\/p>\n\n\n\n<p>Am <strong>Donnerstag und Freitag<\/strong>  fanden an unserer Schule Projekttage statt, an denen unsere Sch\u00fcler mit viel Engagement und Freude gearbeitet haben.<\/p>\n\n\n\n<p>Am <strong>Wochenende vom 25. bis 27. Juli<\/strong> war die Schule zudem beim Mittelalterfest <em>\u201eSpectaculum\u201c<\/em> vertreten: Der Schulf\u00f6rderverein heizte das Backh\u00e4usle ein, backte k\u00f6stliche \u201eDinnetle\u201c im Holzofen und bewirtete die Besucherinnen und Besucher in der \u201eAlten Schule\u201c.<\/p>\n\n\n\n<p>Am letzten Schultag feierten wir unseren Abschlussgottesdienst unter dem Motto <em>\u201eGl\u00fcck gehabt \u2013 Gott sei Dank!\u201c<\/em>. Sch\u00fclerinnen und Sch\u00fcler der Grundschule und der Sekundarstufe gestalteten den Gottesdienst gemeinsam mit den Lehrerinnen Frau Tina Wolfram und Frau Julia Duczmal. An der Orgel begleitete Frau Marijke H\u00f6rger.<\/p>\n\n\n\n<p>Im Anschluss erhielten die Klassen ihre Zeugnisse. Zahlreiche Sch\u00fclerinnen und Sch\u00fcler konnten sich \u00fcber Belobigungen und Preise freuen.<\/p>\n\n\n\n<p>Zum Abschluss wurden in der Alemannenhalle die scheidenden Lehrkr\u00e4fte von Herrn Rektor Dr. Christof Probst verabschiedet: <strong>Tom Pfeifer, Ronja Okafor, Maria Kosa<\/strong> sowie die Referendarinnen <strong>Julia Duczmal, Lisa-Maria Wolf und Julia Wolf<\/strong>.<\/p>\n\n\n\n<figure class=\"wp-block-image size-large\"><img loading=\"lazy\" decoding=\"async\" width=\"1024\" height=\"634\" src=\"https:\/\/www.schulzentrum-stetten-akm.de\/wp-content\/uploads\/2025\/09\/78624cca-cbb5-4aa4-8d19-81448e4f1d43-1024x634.jpg\" alt=\"\" class=\"wp-image-8408\" srcset=\"https:\/\/www.schulzentrum-stetten-akm.de\/wp-content\/uploads\/2025\/09\/78624cca-cbb5-4aa4-8d19-81448e4f1d43-1024x634.jpg 1024w, https:\/\/www.schulzentrum-stetten-akm.de\/wp-content\/uploads\/2025\/09\/78624cca-cbb5-4aa4-8d19-81448e4f1d43-300x186.jpg 300w, https:\/\/www.schulzentrum-stetten-akm.de\/wp-content\/uploads\/2025\/09\/78624cca-cbb5-4aa4-8d19-81448e4f1d43-768x475.jpg 768w, https:\/\/www.schulzentrum-stetten-akm.de\/wp-content\/uploads\/2025\/09\/78624cca-cbb5-4aa4-8d19-81448e4f1d43-1536x950.jpg 1536w, https:\/\/www.schulzentrum-stetten-akm.de\/wp-content\/uploads\/2025\/09\/78624cca-cbb5-4aa4-8d19-81448e4f1d43-18x12.jpg 18w, https:\/\/www.schulzentrum-stetten-akm.de\/wp-content\/uploads\/2025\/09\/78624cca-cbb5-4aa4-8d19-81448e4f1d43.jpg 2048w\" sizes=\"auto, (max-width: 1024px) 100vw, 1024px\" \/><\/figure>\n\n\n\n<p>So klangen ereignisreiche und stimmungsvolle Schultage aus \u2013 ein gelungener \u00dcbergang in die Sommerferien!<\/p>\n\n\n\n<p>Quelle: Bild von Tina Wolfram<\/p>","protected":false},"excerpt":{"rendered":"<p>Bevor wir ins neue Schuljahr starten, m\u00f6chten wir noch einmal auf die besonderen Momente der letzten Schultage zur\u00fcckblicken. Am Donnerstag und Freitag fanden an unserer Schule Projekttage statt, an denen &hellip; <\/p>","protected":false},"author":26,"featured_media":8384,"comment_status":"closed","ping_status":"closed","sticky":false,"template":"","format":"standard","meta":{"footnotes":""},"categories":[1,22,20],"tags":[],"class_list":["post-8383","post","type-post","status-publish","format-standard","has-post-thumbnail","hentry","category-allgemein","category-schulalltag","category-veranstaltungen"],"_links":{"self":[{"href":"https:\/\/www.schulzentrum-stetten-akm.de\/en\/wp-json\/wp\/v2\/posts\/8383","targetHints":{"allow":["GET"]}}],"collection":[{"href":"https:\/\/www.schulzentrum-stetten-akm.de\/en\/wp-json\/wp\/v2\/posts"}],"about":[{"href":"https:\/\/www.schulzentrum-stetten-akm.de\/en\/wp-json\/wp\/v2\/types\/post"}],"author":[{"embeddable":true,"href":"https:\/\/www.schulzentrum-stetten-akm.de\/en\/wp-json\/wp\/v2\/users\/26"}],"replies":[{"embeddable":true,"href":"https:\/\/www.schulzentrum-stetten-akm.de\/en\/wp-json\/wp\/v2\/comments?post=8383"}],"version-history":[{"count":3,"href":"https:\/\/www.schulzentrum-stetten-akm.de\/en\/wp-json\/wp\/v2\/posts\/8383\/revisions"}],"predecessor-version":[{"id":8409,"href":"https:\/\/www.schulzentrum-stetten-akm.de\/en\/wp-json\/wp\/v2\/posts\/8383\/revisions\/8409"}],"wp:featuredmedia":[{"embeddable":true,"href":"https:\/\/www.schulzentrum-stetten-akm.de\/en\/wp-json\/wp\/v2\/media\/8384"}],"wp:attachment":[{"href":"https:\/\/www.schulzentrum-stetten-akm.de\/en\/wp-json\/wp\/v2\/media?parent=8383"}],"wp:term":[{"taxonomy":"category","embeddable":true,"href":"https:\/\/www.schulzentrum-stetten-akm.de\/en\/wp-json\/wp\/v2\/categories?post=8383"},{"taxonomy":"post_tag","embeddable":true,"href":"https:\/\/www.schulzentrum-stetten-akm.de\/en\/wp-json\/wp\/v2\/tags?post=8383"}],"curies":[{"name":"wp","href":"https:\/\/api.w.org\/{rel}","templated":true}]}}