{"id":8307,"date":"2025-07-20T15:22:33","date_gmt":"2025-07-20T13:22:33","guid":{"rendered":"https:\/\/www.schulzentrum-stetten-akm.de\/?p=8307"},"modified":"2025-07-21T19:18:59","modified_gmt":"2025-07-21T17:18:59","slug":"abenteuer-alb-mit-hoehle-schloss-und-bob","status":"publish","type":"post","link":"https:\/\/www.schulzentrum-stetten-akm.de\/en\/abenteuer-alb-mit-hoehle-schloss-und-bob\/","title":{"rendered":"Abenteuer Alb \u2013 mit H\u00f6hle, Schloss und Bob"},"content":{"rendered":"<p><strong>Ausflug der Klassen 4a und 4b zur Nebelh\u00f6hle und zum Schloss Lichtenstein<\/strong><\/p>\n\n\n\n<figure class=\"wp-block-image size-full\"><img decoding=\"async\" src=\"https:\/\/www.schulzentrum-stetten-akm.de\/wp-content\/uploads\/2025\/07\/IMG_2431-2.heic\" alt=\"\" class=\"wp-image-8315\"\/><\/figure>\n\n\n\n<p>Am Dienstag, den 15. Juli 2025, unternahmen die Klassen 4a und 4b einen erlebnisreichen Ausflug zur Nebelh\u00f6hle und zum Schloss Lichtenstein \u2013 zwei besonderen Ausflugszielen auf der Schw\u00e4bischen Alb.<\/p>\n\n\n\n<p>Geplant war, dass die Klasse 4a von der Nebelh\u00f6hle zum Schloss Lichtenstein wandert, w\u00e4hrend die Klasse 4b den Weg in umgekehrter Richtung zur\u00fccklegt. Beide Gruppen sollten also jeweils eine der beiden Sehensw\u00fcrdigkeiten zu Fu\u00df erreichen.<\/p>\n\n\n\n<p>In der Nebelh\u00f6hle konnten die Kinder beeindruckende Tropfsteinformationen und geheimnisvolle G\u00e4nge entdecken. In einem Abschnitt der H\u00f6hle, der sogenannten Ulrichsh\u00f6hle, kam es jedoch zu einem kleinen Zwischenfall: Zwei Kinder st\u00fcrzten und verletzten sich leicht. Zum Gl\u00fcck war rasch Hilfe vor Ort, und es blieb bei leichten Blessuren.<\/p>\n\n\n\n<p>Aus organisatorischen Gr\u00fcnden wurde der Ablauf daraufhin angepasst. Der Bus pendelte zwischen Schloss und H\u00f6hle, sodass schlie\u00dflich nur eine Teilgruppe der 4a wie geplant die etwa einst\u00fcndige Wanderung von der Nebelh\u00f6hle zum Schloss Lichtenstein unternahm.<\/p>\n\n\n\n<p>Das Schloss beeindruckte durch seine m\u00e4rchenhafte Lage auf einem Felsen und seinen Ausblick \u00fcber das Tal. Viele Kinder f\u00fchlten sich in vergangene Zeiten versetzt.<\/p>\n\n\n\n<p>Zum Abschluss des Ausflugs legten beide Klassen gemeinsam noch einen Halt an der Sommerbobbahn in Erpfingen ein. Die rasanten Fahrten bereiteten allen viel Freude und sorgten f\u00fcr einen gelungenen Abschluss eines spannenden Tages.<\/p>\n\n\n\n<figure class=\"wp-block-image size-large\"><img loading=\"lazy\" decoding=\"async\" width=\"769\" height=\"1024\" src=\"https:\/\/www.schulzentrum-stetten-akm.de\/wp-content\/uploads\/2025\/07\/PHOTO-2025-07-17-09-16-23-769x1024.jpg\" alt=\"\" class=\"wp-image-8312\" srcset=\"https:\/\/www.schulzentrum-stetten-akm.de\/wp-content\/uploads\/2025\/07\/PHOTO-2025-07-17-09-16-23-769x1024.jpg 769w, https:\/\/www.schulzentrum-stetten-akm.de\/wp-content\/uploads\/2025\/07\/PHOTO-2025-07-17-09-16-23-225x300.jpg 225w, https:\/\/www.schulzentrum-stetten-akm.de\/wp-content\/uploads\/2025\/07\/PHOTO-2025-07-17-09-16-23-768x1023.jpg 768w, https:\/\/www.schulzentrum-stetten-akm.de\/wp-content\/uploads\/2025\/07\/PHOTO-2025-07-17-09-16-23-1153x1536.jpg 1153w, https:\/\/www.schulzentrum-stetten-akm.de\/wp-content\/uploads\/2025\/07\/PHOTO-2025-07-17-09-16-23-9x12.jpg 9w, https:\/\/www.schulzentrum-stetten-akm.de\/wp-content\/uploads\/2025\/07\/PHOTO-2025-07-17-09-16-23.jpg 1537w\" sizes=\"auto, (max-width: 769px) 100vw, 769px\" \/><\/figure>\n\n\n\n<p>Quelle: Franziska Ritter<\/p>","protected":false},"excerpt":{"rendered":"<p>Ausflug der Klassen 4a und 4b zur Nebelh\u00f6hle und zum Schloss Lichtenstein Am Dienstag, den 15. Juli 2025, unternahmen die Klassen 4a und 4b einen erlebnisreichen Ausflug zur Nebelh\u00f6hle und &hellip; <\/p>","protected":false},"author":26,"featured_media":8310,"comment_status":"closed","ping_status":"closed","sticky":false,"template":"","format":"standard","meta":{"footnotes":""},"categories":[1,21],"tags":[],"class_list":["post-8307","post","type-post","status-publish","format-standard","has-post-thumbnail","hentry","category-allgemein","category-exkursionen-und-lerngaenge"],"_links":{"self":[{"href":"https:\/\/www.schulzentrum-stetten-akm.de\/en\/wp-json\/wp\/v2\/posts\/8307","targetHints":{"allow":["GET"]}}],"collection":[{"href":"https:\/\/www.schulzentrum-stetten-akm.de\/en\/wp-json\/wp\/v2\/posts"}],"about":[{"href":"https:\/\/www.schulzentrum-stetten-akm.de\/en\/wp-json\/wp\/v2\/types\/post"}],"author":[{"embeddable":true,"href":"https:\/\/www.schulzentrum-stetten-akm.de\/en\/wp-json\/wp\/v2\/users\/26"}],"replies":[{"embeddable":true,"href":"https:\/\/www.schulzentrum-stetten-akm.de\/en\/wp-json\/wp\/v2\/comments?post=8307"}],"version-history":[{"count":4,"href":"https:\/\/www.schulzentrum-stetten-akm.de\/en\/wp-json\/wp\/v2\/posts\/8307\/revisions"}],"predecessor-version":[{"id":8321,"href":"https:\/\/www.schulzentrum-stetten-akm.de\/en\/wp-json\/wp\/v2\/posts\/8307\/revisions\/8321"}],"wp:featuredmedia":[{"embeddable":true,"href":"https:\/\/www.schulzentrum-stetten-akm.de\/en\/wp-json\/wp\/v2\/media\/8310"}],"wp:attachment":[{"href":"https:\/\/www.schulzentrum-stetten-akm.de\/en\/wp-json\/wp\/v2\/media?parent=8307"}],"wp:term":[{"taxonomy":"category","embeddable":true,"href":"https:\/\/www.schulzentrum-stetten-akm.de\/en\/wp-json\/wp\/v2\/categories?post=8307"},{"taxonomy":"post_tag","embeddable":true,"href":"https:\/\/www.schulzentrum-stetten-akm.de\/en\/wp-json\/wp\/v2\/tags?post=8307"}],"curies":[{"name":"wp","href":"https:\/\/api.w.org\/{rel}","templated":true}]}}