{"id":8054,"date":"2025-04-26T10:56:23","date_gmt":"2025-04-26T08:56:23","guid":{"rendered":"https:\/\/www.schulzentrum-stetten-akm.de\/?p=8054"},"modified":"2025-04-26T10:58:33","modified_gmt":"2025-04-26T08:58:33","slug":"erfolgreicher-ferienstart","status":"publish","type":"post","link":"https:\/\/www.schulzentrum-stetten-akm.de\/en\/erfolgreicher-ferienstart\/","title":{"rendered":"Erfolgreicher Ferienstart"},"content":{"rendered":"<p><strong>Schulhaus\u00fcbernachtung der 6.2<\/strong>  <br>Am vergangenen Donnerstagabend \u00a0war es endlich so weit: Wir, die Lerngruppe 6.2 durfte ihre lang ersehnte Schulhaus\u00fcbernachtung erleben \u2013 ein gelungener Start in die Osterferien und eine wunderbare Gelegenheit, den Teamgeist zu st\u00e4rken.<br>Los ging\u2019s mit einem gemeinsamen Pizzaessen \u2013 lecker und gem\u00fctlich! Danach machten wir, die Lerngruppe 6.2, Sozialp\u00e4dagoge Leo L\u00f6ffler, Referendarin Lisa Wolf und nat\u00fcrlich Lerngruppenbegleiterin Ann-Kathrin Hameister, uns bei bestem Wetter auf zu einer Schatzsuche. Unterwegs stellten wir uns verschiedenen Teamaufgaben, bei denen wir mit Kreativit\u00e4t, \u00a0Ideenreichtum und Zusammenhalt\/-arbeit und guter Laune gl\u00e4nzten. Unser Ziel und unsere Belohnung: Eine Schatztruhe inklusive \u00dcberraschung, die sich als echter H\u00f6hepunkt f\u00fcr uns entpuppte.<br>Am Ende des Spaziergangs erwartete uns \u00a0ein unvergesslicher Abend mit Sonnenuntergang, Fackeln,\u00a0 Lagerfeuer und selbstgemachten S\u2019mores. Ein Moment zum gemeinsamen Genie\u00dfen und Lachen am Feuer.<br>Zur\u00fcck in der Schule lie\u00dfen wir den Abend mit einem gemeinsamen Film ausklingen, bevor alle m\u00fcde, aber gl\u00fccklich in ihre Schlafs\u00e4cke krochen \u2013 erf\u00fcllt von einem Tag voller Erlebnisse, Spa\u00df in Gemeinschaft.<\/p>\n\n\n\n<p>Ein riesiges Danke an Leo L\u00f6ffler und Lisa Wolf f\u00fcr die wunderbare und tatkr\u00e4ftige Unterst\u00fctzung!<\/p>\n\n\n\n<p>Quelle: Bild und Text von Ann-Kathrin Hameister <\/p>","protected":false},"excerpt":{"rendered":"<p>Schulhaus\u00fcbernachtung der 6.2 Am vergangenen Donnerstagabend \u00a0war es endlich so weit: Wir, die Lerngruppe 6.2 durfte ihre lang ersehnte Schulhaus\u00fcbernachtung erleben \u2013 ein gelungener Start in die Osterferien und eine &hellip; <\/p>","protected":false},"author":26,"featured_media":8055,"comment_status":"closed","ping_status":"closed","sticky":false,"template":"","format":"standard","meta":{"footnotes":""},"categories":[1,22,26],"tags":[],"class_list":["post-8054","post","type-post","status-publish","format-standard","has-post-thumbnail","hentry","category-allgemein","category-schulalltag","category-schulsozialarbeit"],"_links":{"self":[{"href":"https:\/\/www.schulzentrum-stetten-akm.de\/en\/wp-json\/wp\/v2\/posts\/8054","targetHints":{"allow":["GET"]}}],"collection":[{"href":"https:\/\/www.schulzentrum-stetten-akm.de\/en\/wp-json\/wp\/v2\/posts"}],"about":[{"href":"https:\/\/www.schulzentrum-stetten-akm.de\/en\/wp-json\/wp\/v2\/types\/post"}],"author":[{"embeddable":true,"href":"https:\/\/www.schulzentrum-stetten-akm.de\/en\/wp-json\/wp\/v2\/users\/26"}],"replies":[{"embeddable":true,"href":"https:\/\/www.schulzentrum-stetten-akm.de\/en\/wp-json\/wp\/v2\/comments?post=8054"}],"version-history":[{"count":2,"href":"https:\/\/www.schulzentrum-stetten-akm.de\/en\/wp-json\/wp\/v2\/posts\/8054\/revisions"}],"predecessor-version":[{"id":8057,"href":"https:\/\/www.schulzentrum-stetten-akm.de\/en\/wp-json\/wp\/v2\/posts\/8054\/revisions\/8057"}],"wp:featuredmedia":[{"embeddable":true,"href":"https:\/\/www.schulzentrum-stetten-akm.de\/en\/wp-json\/wp\/v2\/media\/8055"}],"wp:attachment":[{"href":"https:\/\/www.schulzentrum-stetten-akm.de\/en\/wp-json\/wp\/v2\/media?parent=8054"}],"wp:term":[{"taxonomy":"category","embeddable":true,"href":"https:\/\/www.schulzentrum-stetten-akm.de\/en\/wp-json\/wp\/v2\/categories?post=8054"},{"taxonomy":"post_tag","embeddable":true,"href":"https:\/\/www.schulzentrum-stetten-akm.de\/en\/wp-json\/wp\/v2\/tags?post=8054"}],"curies":[{"name":"wp","href":"https:\/\/api.w.org\/{rel}","templated":true}]}}