{"id":8026,"date":"2025-03-23T19:02:46","date_gmt":"2025-03-23T18:02:46","guid":{"rendered":"https:\/\/www.schulzentrum-stetten-akm.de\/?p=8026"},"modified":"2025-03-23T22:31:55","modified_gmt":"2025-03-23T21:31:55","slug":"neues-zuhause-fuer-unsere-buecherschaetze","status":"publish","type":"post","link":"https:\/\/www.schulzentrum-stetten-akm.de\/en\/neues-zuhause-fuer-unsere-buecherschaetze\/","title":{"rendered":"Neues Zuhause f\u00fcr unsere B\u00fcchersch\u00e4tze"},"content":{"rendered":"<p>In der vergangenen Woche r\u00e4umte Heike Potthoff-Scherer die B\u00fccher unserer offenen Bibliothek in die neuen, verschlie\u00dfbaren Schr\u00e4nke um. Die alten Regale waren \u00fcber die Jahre rostig geworden und boten keinen ausreichenden Schutz mehr. Dank unseres Hausmeisters Tobias Bauer, der die neuen Schr\u00e4nke von der Bundeswehr organisiert hat, sind unsere B\u00fccher nun sicher vor Feuchtigkeit und Witterungseinfl\u00fcssen aufbewahrt.<\/p>\n\n\n\n<p>Die neue Ordnung:&nbsp;<br><strong>Links<\/strong>&nbsp;steht der Kinderschrank mit Schiebet\u00fcren.<br><strong>In der Mitte<\/strong>&nbsp;befindet sich der gro\u00dfe Glast\u00fcrenschrank mit Literatur f\u00fcr Erwachsene.<br><strong>Rechts<\/strong>&nbsp;steht der Sachb\u00fccherschrank, ebenfalls mit Schiebet\u00fcren.<\/p>\n\n\n\n<p>Heike Potthoff-Scherer, die sich seit Beginn ehrenamtlich um das B\u00fccherregal k\u00fcmmert, hat die alten Regale geleert, die neuen Schr\u00e4nke gereinigt und die B\u00fccher wieder einsortiert. Tobias Bauer hat ihr dabei tatkr\u00e4ftig geholfen.<\/p>\n\n\n\n<p>Ein gro\u00dfes Dankesch\u00f6n an beide f\u00fcr ihren engagierten Einsatz! Jetzt k\u00f6nnen sich alle Leser weiterhin \u00fcber gut erhaltene B\u00fccher freuen.<\/p>\n\n\n\n<p>Quelle: Gabi Hotz<\/p>","protected":false},"excerpt":{"rendered":"<p>In der vergangenen Woche r\u00e4umte Heike Potthoff-Scherer die B\u00fccher unserer offenen Bibliothek in die neuen, verschlie\u00dfbaren Schr\u00e4nke um. Die alten Regale waren \u00fcber die Jahre rostig geworden und boten keinen &hellip; <\/p>","protected":false},"author":26,"featured_media":8027,"comment_status":"closed","ping_status":"closed","sticky":false,"template":"","format":"standard","meta":{"footnotes":""},"categories":[1,22],"tags":[],"class_list":["post-8026","post","type-post","status-publish","format-standard","has-post-thumbnail","hentry","category-allgemein","category-schulalltag"],"_links":{"self":[{"href":"https:\/\/www.schulzentrum-stetten-akm.de\/en\/wp-json\/wp\/v2\/posts\/8026","targetHints":{"allow":["GET"]}}],"collection":[{"href":"https:\/\/www.schulzentrum-stetten-akm.de\/en\/wp-json\/wp\/v2\/posts"}],"about":[{"href":"https:\/\/www.schulzentrum-stetten-akm.de\/en\/wp-json\/wp\/v2\/types\/post"}],"author":[{"embeddable":true,"href":"https:\/\/www.schulzentrum-stetten-akm.de\/en\/wp-json\/wp\/v2\/users\/26"}],"replies":[{"embeddable":true,"href":"https:\/\/www.schulzentrum-stetten-akm.de\/en\/wp-json\/wp\/v2\/comments?post=8026"}],"version-history":[{"count":3,"href":"https:\/\/www.schulzentrum-stetten-akm.de\/en\/wp-json\/wp\/v2\/posts\/8026\/revisions"}],"predecessor-version":[{"id":8030,"href":"https:\/\/www.schulzentrum-stetten-akm.de\/en\/wp-json\/wp\/v2\/posts\/8026\/revisions\/8030"}],"wp:featuredmedia":[{"embeddable":true,"href":"https:\/\/www.schulzentrum-stetten-akm.de\/en\/wp-json\/wp\/v2\/media\/8027"}],"wp:attachment":[{"href":"https:\/\/www.schulzentrum-stetten-akm.de\/en\/wp-json\/wp\/v2\/media?parent=8026"}],"wp:term":[{"taxonomy":"category","embeddable":true,"href":"https:\/\/www.schulzentrum-stetten-akm.de\/en\/wp-json\/wp\/v2\/categories?post=8026"},{"taxonomy":"post_tag","embeddable":true,"href":"https:\/\/www.schulzentrum-stetten-akm.de\/en\/wp-json\/wp\/v2\/tags?post=8026"}],"curies":[{"name":"wp","href":"https:\/\/api.w.org\/{rel}","templated":true}]}}