{"id":7772,"date":"2025-01-15T09:47:10","date_gmt":"2025-01-15T08:47:10","guid":{"rendered":"https:\/\/www.schulzentrum-stetten-akm.de\/?p=7772"},"modified":"2025-01-15T14:15:11","modified_gmt":"2025-01-15T13:15:11","slug":"buecherei-rallye","status":"publish","type":"post","link":"https:\/\/www.schulzentrum-stetten-akm.de\/en\/buecherei-rallye\/","title":{"rendered":"B\u00fccherei-Rallye"},"content":{"rendered":"<p>Am 14. Januar 2025 machte die Lerngruppe 5.1 gemeinsam mit Frau M\u00fcller und Frau Winkelmann einen spannenden Ausflug in die Stadtb\u00fccherei Albstadt Ebingen. Dort hatten die Lernpartner*innen die&nbsp;&nbsp;M\u00f6glichkeit, die B\u00fccherei auf eine ganz besondere Art und Weise kennenzulernen: ausgestattet mit Tablets, durften sie die B\u00fccherei in kleinen Teams erkunden und verschiedene Aufgaben l\u00f6sen.<\/p>\n\n\n\n<p>W\u00e4hrend der Rallye mussten die Gruppen Fragen zu den verschiedenen Bereichen der B\u00fccherei beantworten und konnten dabei viele interessante Dinge entdecken. Die Aufgaben machten es den Teams leicht, sich im Geb\u00e4ude zurechtzufinden und mehr \u00fcber die Vielzahl an Medien und Angeboten zu erfahren, welche die B\u00fccherei zu bieten hat.<\/p>\n\n\n\n<p>Besonders motiviert gingen die Gruppen an die verschiedenen Stationen und konnten die Rallye mit viel Eifer und Teamarbeit erfolgreich meistern. Am Ende der Rallye fand ein spannendes Quiz statt, bei dem das gewonnene Wissen \u00fcber die B\u00fccherei auf die Probe gestellt wurde. Die Gewinner der Rallye durften sich \u00fcber ein kleines Geschenk freuen: ein Lesezeichen, das sie an den Ausflug erinnern soll.<\/p>\n\n\n\n<figure class=\"wp-block-image size-large\"><img loading=\"lazy\" decoding=\"async\" width=\"1024\" height=\"768\" src=\"https:\/\/www.schulzentrum-stetten-akm.de\/wp-content\/uploads\/2025\/01\/Ausflug_-1024x768.jpeg\" alt=\"\" class=\"wp-image-7776\" srcset=\"https:\/\/www.schulzentrum-stetten-akm.de\/wp-content\/uploads\/2025\/01\/Ausflug_-1024x768.jpeg 1024w, https:\/\/www.schulzentrum-stetten-akm.de\/wp-content\/uploads\/2025\/01\/Ausflug_-300x225.jpeg 300w, https:\/\/www.schulzentrum-stetten-akm.de\/wp-content\/uploads\/2025\/01\/Ausflug_-768x576.jpeg 768w, https:\/\/www.schulzentrum-stetten-akm.de\/wp-content\/uploads\/2025\/01\/Ausflug_-1536x1152.jpeg 1536w, https:\/\/www.schulzentrum-stetten-akm.de\/wp-content\/uploads\/2025\/01\/Ausflug_-scaled.jpeg 2048w, https:\/\/www.schulzentrum-stetten-akm.de\/wp-content\/uploads\/2025\/01\/Ausflug_-16x12.jpeg 16w\" sizes=\"auto, (max-width: 1024px) 100vw, 1024px\" \/><\/figure>\n\n\n\n<p>Quelle: Text und Bilder von Jasmin Winkelmann<\/p>","protected":false},"excerpt":{"rendered":"<p>Am 14. Januar 2025 machte die Lerngruppe 5.1 gemeinsam mit Frau M\u00fcller und Frau Winkelmann einen spannenden Ausflug in die Stadtb\u00fccherei Albstadt Ebingen. Dort hatten die Lernpartner*innen die&nbsp;&nbsp;M\u00f6glichkeit, die B\u00fccherei &hellip; <\/p>","protected":false},"author":26,"featured_media":7774,"comment_status":"closed","ping_status":"open","sticky":false,"template":"","format":"standard","meta":{"footnotes":""},"categories":[1,21],"tags":[],"class_list":["post-7772","post","type-post","status-publish","format-standard","has-post-thumbnail","hentry","category-allgemein","category-exkursionen-und-lerngaenge"],"_links":{"self":[{"href":"https:\/\/www.schulzentrum-stetten-akm.de\/en\/wp-json\/wp\/v2\/posts\/7772","targetHints":{"allow":["GET"]}}],"collection":[{"href":"https:\/\/www.schulzentrum-stetten-akm.de\/en\/wp-json\/wp\/v2\/posts"}],"about":[{"href":"https:\/\/www.schulzentrum-stetten-akm.de\/en\/wp-json\/wp\/v2\/types\/post"}],"author":[{"embeddable":true,"href":"https:\/\/www.schulzentrum-stetten-akm.de\/en\/wp-json\/wp\/v2\/users\/26"}],"replies":[{"embeddable":true,"href":"https:\/\/www.schulzentrum-stetten-akm.de\/en\/wp-json\/wp\/v2\/comments?post=7772"}],"version-history":[{"count":3,"href":"https:\/\/www.schulzentrum-stetten-akm.de\/en\/wp-json\/wp\/v2\/posts\/7772\/revisions"}],"predecessor-version":[{"id":7778,"href":"https:\/\/www.schulzentrum-stetten-akm.de\/en\/wp-json\/wp\/v2\/posts\/7772\/revisions\/7778"}],"wp:featuredmedia":[{"embeddable":true,"href":"https:\/\/www.schulzentrum-stetten-akm.de\/en\/wp-json\/wp\/v2\/media\/7774"}],"wp:attachment":[{"href":"https:\/\/www.schulzentrum-stetten-akm.de\/en\/wp-json\/wp\/v2\/media?parent=7772"}],"wp:term":[{"taxonomy":"category","embeddable":true,"href":"https:\/\/www.schulzentrum-stetten-akm.de\/en\/wp-json\/wp\/v2\/categories?post=7772"},{"taxonomy":"post_tag","embeddable":true,"href":"https:\/\/www.schulzentrum-stetten-akm.de\/en\/wp-json\/wp\/v2\/tags?post=7772"}],"curies":[{"name":"wp","href":"https:\/\/api.w.org\/{rel}","templated":true}]}}