{"id":7238,"date":"2024-09-12T17:18:58","date_gmt":"2024-09-12T15:18:58","guid":{"rendered":"https:\/\/www.schulzentrum-stetten-akm.de\/?p=7238"},"modified":"2024-12-22T17:26:07","modified_gmt":"2024-12-22T16:26:07","slug":"schulzentrum-begruesst-drei-neue-lerngruppen","status":"publish","type":"post","link":"https:\/\/www.schulzentrum-stetten-akm.de\/en\/schulzentrum-begruesst-drei-neue-lerngruppen\/","title":{"rendered":"Wir begr\u00fc\u00dfen drei neue Lerngruppen"},"content":{"rendered":"<p>Mit gro\u00dfer Freude durfte die Orientierungsstufe der Gemeinschaftsschule im Schuljahr 2024\/25 zum dritten Mal drei neue Lerngruppen willkommen hei\u00dfen. Bei der Begr\u00fc\u00dfungsfeier am Montagnachmittag versammelten sich die Kinder der neuen Lerngruppen 5.1, 5.2 und 5.3 mit ihren Familien in der Alemannenhalle.<\/p>\n\n\n\n<p>Rektor Dr. Christof Probst er\u00f6ffnete die Feier mit einer herzlichen Ansprache, in der er die neuen Sch\u00fcler sowie ihre Eltern willkommen hie\u00df. F\u00fcr Begeisterung sorgten die Lerngruppen der sechsten Klassen, die das Programm mit fr\u00f6hlichen Auff\u00fchrungen und schwungvollen T\u00e4nzen bereicherten und damit die besondere Schulgemeinschaft lebendig machten.<\/p>\n\n\n\n<p>W\u00e4hrend die neuen Lernpartner sich in ihren Lerngruppenr\u00e4umen mit ihren Lerngruppenleiterinnen Frau Jasmin Winkelmann, Frau Nadja Baldischwiler und Frau Sarah Birkhofer vertraut machten und erste Freundschaften schlossen, erhielten die Eltern interessante Einblicke in das Lehren und Lernen an der Gemeinschaftsschule. Schulleiter Dr. Christof Probst und Konrektor J\u00fcrgen Lebherz stellten die besonderen Konzepte und Werte der Schule vor und standen f\u00fcr Fragen zur Verf\u00fcgung.<\/p>\n\n\n\n<p>Nach diesen Programmpunkten trafen sich alle G\u00e4ste im Foyer zum gem\u00fctlichen Austausch bei Kaffee und Kuchen. Ein gro\u00dfes Dankesch\u00f6n gilt den Sch\u00fclern der Klassen 9.1 und 9.2, die unter der Leitung von Frau Marijke H\u00f6rger und Frau Julia M\u00fcller die Bewirtung \u00fcbernahmen. Ebenso m\u00f6chten wir den Eltern danken, die mit ihren liebevoll gebackenen Kuchen das Buffet bereicherten und zum gelungenen Ausklang der Feier beitrugen.<\/p>\n\n\n\n<p>Der kr\u00f6nende Abschluss des Nachmittags war das Steigenlassen der Ballone mit den W\u00fcnschen der Kinder f\u00fcr ihre Zeit an der neuen Schule. Mit leuchtenden Augen blickten die Kinder den bunten Ballonen nach, die ihre Hoffnungen und Tr\u00e4ume in den Himmel trugen. Wir w\u00fcnschen den neuen Lerngruppen einen erfolgreichen Start und eine wunderbare Zeit an unserer Schule!<\/p>\n\n\n\n<figure class=\"wp-block-image size-large\"><img loading=\"lazy\" decoding=\"async\" width=\"1024\" height=\"768\" src=\"https:\/\/www.schulzentrum-stetten-akm.de\/wp-content\/uploads\/2024\/09\/IMG_0988-2-1024x768.jpeg\" alt=\"\" class=\"wp-image-7251\" srcset=\"https:\/\/www.schulzentrum-stetten-akm.de\/wp-content\/uploads\/2024\/09\/IMG_0988-2-1024x768.jpeg 1024w, https:\/\/www.schulzentrum-stetten-akm.de\/wp-content\/uploads\/2024\/09\/IMG_0988-2-300x225.jpeg 300w, https:\/\/www.schulzentrum-stetten-akm.de\/wp-content\/uploads\/2024\/09\/IMG_0988-2-768x576.jpeg 768w, https:\/\/www.schulzentrum-stetten-akm.de\/wp-content\/uploads\/2024\/09\/IMG_0988-2-16x12.jpeg 16w, https:\/\/www.schulzentrum-stetten-akm.de\/wp-content\/uploads\/2024\/09\/IMG_0988-2.jpeg 1080w\" sizes=\"auto, (max-width: 1024px) 100vw, 1024px\" \/><figcaption class=\"wp-element-caption\">Lerngruppe 5.1 mit Frau Winkelmann<\/figcaption><\/figure>\n\n\n\n<figure class=\"wp-block-image size-large\"><img loading=\"lazy\" decoding=\"async\" width=\"1024\" height=\"768\" src=\"https:\/\/www.schulzentrum-stetten-akm.de\/wp-content\/uploads\/2024\/09\/IMG_0987-2-1024x768.jpeg\" alt=\"\" class=\"wp-image-7252\" srcset=\"https:\/\/www.schulzentrum-stetten-akm.de\/wp-content\/uploads\/2024\/09\/IMG_0987-2-1024x768.jpeg 1024w, https:\/\/www.schulzentrum-stetten-akm.de\/wp-content\/uploads\/2024\/09\/IMG_0987-2-300x225.jpeg 300w, https:\/\/www.schulzentrum-stetten-akm.de\/wp-content\/uploads\/2024\/09\/IMG_0987-2-768x576.jpeg 768w, https:\/\/www.schulzentrum-stetten-akm.de\/wp-content\/uploads\/2024\/09\/IMG_0987-2-16x12.jpeg 16w, https:\/\/www.schulzentrum-stetten-akm.de\/wp-content\/uploads\/2024\/09\/IMG_0987-2.jpeg 1080w\" sizes=\"auto, (max-width: 1024px) 100vw, 1024px\" \/><figcaption class=\"wp-element-caption\">Lerngruppe 5.2 mit Frau Baldischwiler<\/figcaption><\/figure>\n\n\n\n\n\n<figure class=\"wp-block-image size-large\"><img loading=\"lazy\" decoding=\"async\" width=\"1024\" height=\"768\" src=\"https:\/\/www.schulzentrum-stetten-akm.de\/wp-content\/uploads\/2024\/09\/IMG_0986-2-1024x768.jpeg\" alt=\"\" class=\"wp-image-7253\" srcset=\"https:\/\/www.schulzentrum-stetten-akm.de\/wp-content\/uploads\/2024\/09\/IMG_0986-2-1024x768.jpeg 1024w, https:\/\/www.schulzentrum-stetten-akm.de\/wp-content\/uploads\/2024\/09\/IMG_0986-2-300x225.jpeg 300w, https:\/\/www.schulzentrum-stetten-akm.de\/wp-content\/uploads\/2024\/09\/IMG_0986-2-768x576.jpeg 768w, https:\/\/www.schulzentrum-stetten-akm.de\/wp-content\/uploads\/2024\/09\/IMG_0986-2-16x12.jpeg 16w, https:\/\/www.schulzentrum-stetten-akm.de\/wp-content\/uploads\/2024\/09\/IMG_0986-2.jpeg 1080w\" sizes=\"auto, (max-width: 1024px) 100vw, 1024px\" \/><figcaption class=\"wp-element-caption\">Lerngruppe 5.3 mit Frau Birkhofer<\/figcaption><\/figure>\n\n\n\n<p><em>Quellen: Text von Franziska Ritter, Bilder von Stefan Rapp<\/em><\/p>","protected":false},"excerpt":{"rendered":"<p>Mit gro\u00dfer Freude durfte die Orientierungsstufe der Gemeinschaftsschule im Schuljahr 2024\/25 zum dritten Mal drei neue Lerngruppen willkommen hei\u00dfen. Bei der Begr\u00fc\u00dfungsfeier am Montagnachmittag versammelten sich die Kinder der neuen &hellip; <\/p>","protected":false},"author":26,"featured_media":7239,"comment_status":"closed","ping_status":"closed","sticky":false,"template":"","format":"standard","meta":{"footnotes":""},"categories":[1,20],"tags":[],"class_list":["post-7238","post","type-post","status-publish","format-standard","has-post-thumbnail","hentry","category-allgemein","category-veranstaltungen"],"_links":{"self":[{"href":"https:\/\/www.schulzentrum-stetten-akm.de\/en\/wp-json\/wp\/v2\/posts\/7238","targetHints":{"allow":["GET"]}}],"collection":[{"href":"https:\/\/www.schulzentrum-stetten-akm.de\/en\/wp-json\/wp\/v2\/posts"}],"about":[{"href":"https:\/\/www.schulzentrum-stetten-akm.de\/en\/wp-json\/wp\/v2\/types\/post"}],"author":[{"embeddable":true,"href":"https:\/\/www.schulzentrum-stetten-akm.de\/en\/wp-json\/wp\/v2\/users\/26"}],"replies":[{"embeddable":true,"href":"https:\/\/www.schulzentrum-stetten-akm.de\/en\/wp-json\/wp\/v2\/comments?post=7238"}],"version-history":[{"count":17,"href":"https:\/\/www.schulzentrum-stetten-akm.de\/en\/wp-json\/wp\/v2\/posts\/7238\/revisions"}],"predecessor-version":[{"id":7751,"href":"https:\/\/www.schulzentrum-stetten-akm.de\/en\/wp-json\/wp\/v2\/posts\/7238\/revisions\/7751"}],"wp:featuredmedia":[{"embeddable":true,"href":"https:\/\/www.schulzentrum-stetten-akm.de\/en\/wp-json\/wp\/v2\/media\/7239"}],"wp:attachment":[{"href":"https:\/\/www.schulzentrum-stetten-akm.de\/en\/wp-json\/wp\/v2\/media?parent=7238"}],"wp:term":[{"taxonomy":"category","embeddable":true,"href":"https:\/\/www.schulzentrum-stetten-akm.de\/en\/wp-json\/wp\/v2\/categories?post=7238"},{"taxonomy":"post_tag","embeddable":true,"href":"https:\/\/www.schulzentrum-stetten-akm.de\/en\/wp-json\/wp\/v2\/tags?post=7238"}],"curies":[{"name":"wp","href":"https:\/\/api.w.org\/{rel}","templated":true}]}}