{"id":6983,"date":"2024-07-12T08:39:46","date_gmt":"2024-07-12T06:39:46","guid":{"rendered":"https:\/\/www.schulzentrum-stetten-akm.de\/?p=6983"},"modified":"2024-07-13T21:04:20","modified_gmt":"2024-07-13T19:04:20","slug":"berlin-in-fuenf-statements","status":"publish","type":"post","link":"https:\/\/www.schulzentrum-stetten-akm.de\/en\/berlin-in-fuenf-statements\/","title":{"rendered":"Berlin in f\u00fcnf Statements"},"content":{"rendered":"<p>Die j\u00e4hrliche Studienfahrt der Lerngruppen 9 nach Berlin ist ein stets mit Spannung erwarteter H\u00f6hepunkt der eigenen Schulzeit an der GMS. Stationen wie das Brandenburger Tor oder der Deutsche Bundestag sind ein Muss, auch mit der pr\u00e4genden geschichtlichen Zeit der deutsch-deutschen Grenze setzen sich die jungen B\u00fcrger in einem der Museen f\u00fcr deutsche Geschichte intensiv auseinander. Besonders sch\u00f6n finden die Lerngruppen immer die gemeinsame Zeit zum Feiern und Spa\u00df haben &#8211; Gelegenheit, den langen Schuljahren zusammen in einer Lerngruppe einen erinnerungsreichen Abschluss zu geben, wof\u00fcr Berlin die besten Angebote bereith\u00e4lt.<\/p>\n\n\n\n<figure class=\"wp-block-image size-large\"><img loading=\"lazy\" decoding=\"async\" width=\"1024\" height=\"768\" src=\"https:\/\/www.schulzentrum-stetten-akm.de\/wp-content\/uploads\/2024\/07\/Berlin-Foto-2-1024x768.jpeg\" alt=\"\" class=\"wp-image-6985\" srcset=\"https:\/\/www.schulzentrum-stetten-akm.de\/wp-content\/uploads\/2024\/07\/Berlin-Foto-2-1024x768.jpeg 1024w, https:\/\/www.schulzentrum-stetten-akm.de\/wp-content\/uploads\/2024\/07\/Berlin-Foto-2-300x225.jpeg 300w, https:\/\/www.schulzentrum-stetten-akm.de\/wp-content\/uploads\/2024\/07\/Berlin-Foto-2-768x576.jpeg 768w, https:\/\/www.schulzentrum-stetten-akm.de\/wp-content\/uploads\/2024\/07\/Berlin-Foto-2-1536x1152.jpeg 1536w, https:\/\/www.schulzentrum-stetten-akm.de\/wp-content\/uploads\/2024\/07\/Berlin-Foto-2-16x12.jpeg 16w, https:\/\/www.schulzentrum-stetten-akm.de\/wp-content\/uploads\/2024\/07\/Berlin-Foto-2.jpeg 2048w\" sizes=\"auto, (max-width: 1024px) 100vw, 1024px\" \/><figcaption class=\"wp-element-caption\">Frau Karsten mit Daniel, Noah, Kim und Katjana beim Public Viewing<\/figcaption><\/figure>\n\n\n\n<p>Berlin in wenige Worte zu fassen, ist sehr schwer &#8211; die vibrierende kulturelle Vielf\u00e4ltigkeit und die spannungsreichen, charakteristischen Kontraste der Stadt n\u00f6tigen jedem Besucher ab, sich zu dem Erlebten und Gesehenen zu positionieren.<br>Auch die diesj\u00e4hrige Gruppe in Begleitung von Frau Zwick, Frau Karsten und Frau Hameister hat ihre ganz eigenen Erfahrungen im Gep\u00e4ck und schickt uns aus der deutschen Hauptstadt f\u00fcnf Blitzlichter, die Berlins Eigenarten auf den Punkt bringen.<\/p>\n\n\n\n<p>&#8222;Hallo, ich bin&#8217;s, Anastasia, mich hat total verwundert, dass das Brandenburger Tor nicht viel gr\u00f6\u00dfer und breiter ist!&#8220;<\/p>\n\n\n\n<p>&#8222;Hi, mein Name ist Aaron, ich bin positiv \u00fcberrascht \u00fcber die Kultur in Berlin, \u00fcber die Viertel wie z. B. Kreuzberg. Ich bewundere seine Geschichte, was die Menschen hier gemeinsam haben, das hat mich so sehr beeindruckt wie die vielen Sehensw\u00fcrdigkeiten dieser Stadt!&#8220;<\/p>\n\n\n\n<p>&#8222;Hallo, hier ist Leonie, mich hat am meisten \u00fcberrascht, dass das Deutschlandmuseum interessanter war als gedacht, weil man das interaktiv gestaltet hat. Die Besucher k\u00f6nnen an vielen Stationen selbst mitmachen, und die Zeit verging wie im Flug!&#8220;<\/p>\n\n\n\n<p>&#8222;Ich bin Gabriel, mich hat fasziniert, wie gro\u00df diese Stadt ist&#8230;man kann viel \u00fcber die BRD und die DDR herausfinden und ich habe durch die Stadtf\u00fchrung und den Besuch in den Museen selbst einiges dazugelernt.&#8220;<\/p>\n\n\n\n<p>&#8222;Hallo, hier ist Lenja, ich war sehr \u00fcberrascht, weil Berlin pl\u00f6tzlich eine Riesenstadt f\u00fcr mich war und ich mir das gar nicht so gro\u00df vorgestellt hatte. Aber es hat richtig Spa\u00df gemacht, mal live zu sehen, was man bisher nur aus B\u00fcchern oder Videos kannte!&#8220;<\/p>\n\n\n\n<p><\/p>","protected":false},"excerpt":{"rendered":"<p>Die j\u00e4hrliche Studienfahrt der Lerngruppen 9 nach Berlin ist ein stets mit Spannung erwarteter H\u00f6hepunkt der eigenen Schulzeit an der GMS. Stationen wie das Brandenburger Tor oder der Deutsche Bundestag &hellip; <\/p>","protected":false},"author":1,"featured_media":6984,"comment_status":"closed","ping_status":"closed","sticky":false,"template":"","format":"standard","meta":{"footnotes":""},"categories":[21],"tags":[],"class_list":["post-6983","post","type-post","status-publish","format-standard","has-post-thumbnail","hentry","category-exkursionen-und-lerngaenge"],"_links":{"self":[{"href":"https:\/\/www.schulzentrum-stetten-akm.de\/en\/wp-json\/wp\/v2\/posts\/6983","targetHints":{"allow":["GET"]}}],"collection":[{"href":"https:\/\/www.schulzentrum-stetten-akm.de\/en\/wp-json\/wp\/v2\/posts"}],"about":[{"href":"https:\/\/www.schulzentrum-stetten-akm.de\/en\/wp-json\/wp\/v2\/types\/post"}],"author":[{"embeddable":true,"href":"https:\/\/www.schulzentrum-stetten-akm.de\/en\/wp-json\/wp\/v2\/users\/1"}],"replies":[{"embeddable":true,"href":"https:\/\/www.schulzentrum-stetten-akm.de\/en\/wp-json\/wp\/v2\/comments?post=6983"}],"version-history":[{"count":3,"href":"https:\/\/www.schulzentrum-stetten-akm.de\/en\/wp-json\/wp\/v2\/posts\/6983\/revisions"}],"predecessor-version":[{"id":6991,"href":"https:\/\/www.schulzentrum-stetten-akm.de\/en\/wp-json\/wp\/v2\/posts\/6983\/revisions\/6991"}],"wp:featuredmedia":[{"embeddable":true,"href":"https:\/\/www.schulzentrum-stetten-akm.de\/en\/wp-json\/wp\/v2\/media\/6984"}],"wp:attachment":[{"href":"https:\/\/www.schulzentrum-stetten-akm.de\/en\/wp-json\/wp\/v2\/media?parent=6983"}],"wp:term":[{"taxonomy":"category","embeddable":true,"href":"https:\/\/www.schulzentrum-stetten-akm.de\/en\/wp-json\/wp\/v2\/categories?post=6983"},{"taxonomy":"post_tag","embeddable":true,"href":"https:\/\/www.schulzentrum-stetten-akm.de\/en\/wp-json\/wp\/v2\/tags?post=6983"}],"curies":[{"name":"wp","href":"https:\/\/api.w.org\/{rel}","templated":true}]}}