{"id":6756,"date":"2024-03-23T15:45:04","date_gmt":"2024-03-23T14:45:04","guid":{"rendered":"https:\/\/www.schulzentrum-stetten-akm.de\/?p=6756"},"modified":"2024-03-23T20:27:26","modified_gmt":"2024-03-23T19:27:26","slug":"osteraktion-der-lerngruppe-9-2","status":"publish","type":"post","link":"https:\/\/www.schulzentrum-stetten-akm.de\/en\/osteraktion-der-lerngruppe-9-2\/","title":{"rendered":"Oster-Aktion der Lerngruppe 9.2"},"content":{"rendered":"<p>Die Lerngruppe 9.2 von Frau Karsten hat diese Woche in den Pausen Ostergeb\u00e4ck, Muffins und Kuchen verkauft. Die K\u00f6stlichkeiten sind selbst gebacken und ansprechend verziert worden; einige Kuchen wurden von den Eltern f\u00fcr den Verkauf gespendet. <\/p>\n\n\n\n<figure class=\"wp-block-image size-large\"><img loading=\"lazy\" decoding=\"async\" width=\"1024\" height=\"1012\" src=\"https:\/\/www.schulzentrum-stetten-akm.de\/wp-content\/uploads\/2024\/03\/Osteraktion-Bild-1-1024x1012.jpeg\" alt=\"\" class=\"wp-image-6758\" srcset=\"https:\/\/www.schulzentrum-stetten-akm.de\/wp-content\/uploads\/2024\/03\/Osteraktion-Bild-1-1024x1012.jpeg 1024w, https:\/\/www.schulzentrum-stetten-akm.de\/wp-content\/uploads\/2024\/03\/Osteraktion-Bild-1-300x297.jpeg 300w, https:\/\/www.schulzentrum-stetten-akm.de\/wp-content\/uploads\/2024\/03\/Osteraktion-Bild-1-768x759.jpeg 768w, https:\/\/www.schulzentrum-stetten-akm.de\/wp-content\/uploads\/2024\/03\/Osteraktion-Bild-1-12x12.jpeg 12w, https:\/\/www.schulzentrum-stetten-akm.de\/wp-content\/uploads\/2024\/03\/Osteraktion-Bild-1.jpeg 1512w\" sizes=\"auto, (max-width: 1024px) 100vw, 1024px\" \/><\/figure>\n\n\n\n<p>Die willkommene Abwechslung sorgte f\u00fcr regen Zulauf aus der Sch\u00fclerschaft wie dem Kollegium, zumal das Kiosk des Schulzentrums aktuell noch pausiert. Der Erl\u00f6s aus dem Verkauf kommt der Abschlussfahrt der 9.2 nach Berlin zugute.<\/p>","protected":false},"excerpt":{"rendered":"<p>Die Lerngruppe 9.2 von Frau Karsten hat diese Woche in den Pausen Ostergeb\u00e4ck, Muffins und Kuchen verkauft. Die K\u00f6stlichkeiten sind selbst gebacken und ansprechend verziert worden; einige Kuchen wurden von &hellip; <\/p>","protected":false},"author":1,"featured_media":6757,"comment_status":"closed","ping_status":"closed","sticky":false,"template":"","format":"standard","meta":{"footnotes":""},"categories":[22],"tags":[],"class_list":["post-6756","post","type-post","status-publish","format-standard","has-post-thumbnail","hentry","category-schulalltag"],"_links":{"self":[{"href":"https:\/\/www.schulzentrum-stetten-akm.de\/en\/wp-json\/wp\/v2\/posts\/6756","targetHints":{"allow":["GET"]}}],"collection":[{"href":"https:\/\/www.schulzentrum-stetten-akm.de\/en\/wp-json\/wp\/v2\/posts"}],"about":[{"href":"https:\/\/www.schulzentrum-stetten-akm.de\/en\/wp-json\/wp\/v2\/types\/post"}],"author":[{"embeddable":true,"href":"https:\/\/www.schulzentrum-stetten-akm.de\/en\/wp-json\/wp\/v2\/users\/1"}],"replies":[{"embeddable":true,"href":"https:\/\/www.schulzentrum-stetten-akm.de\/en\/wp-json\/wp\/v2\/comments?post=6756"}],"version-history":[{"count":2,"href":"https:\/\/www.schulzentrum-stetten-akm.de\/en\/wp-json\/wp\/v2\/posts\/6756\/revisions"}],"predecessor-version":[{"id":6760,"href":"https:\/\/www.schulzentrum-stetten-akm.de\/en\/wp-json\/wp\/v2\/posts\/6756\/revisions\/6760"}],"wp:featuredmedia":[{"embeddable":true,"href":"https:\/\/www.schulzentrum-stetten-akm.de\/en\/wp-json\/wp\/v2\/media\/6757"}],"wp:attachment":[{"href":"https:\/\/www.schulzentrum-stetten-akm.de\/en\/wp-json\/wp\/v2\/media?parent=6756"}],"wp:term":[{"taxonomy":"category","embeddable":true,"href":"https:\/\/www.schulzentrum-stetten-akm.de\/en\/wp-json\/wp\/v2\/categories?post=6756"},{"taxonomy":"post_tag","embeddable":true,"href":"https:\/\/www.schulzentrum-stetten-akm.de\/en\/wp-json\/wp\/v2\/tags?post=6756"}],"curies":[{"name":"wp","href":"https:\/\/api.w.org\/{rel}","templated":true}]}}