{"id":6656,"date":"2024-02-06T12:37:52","date_gmt":"2024-02-06T11:37:52","guid":{"rendered":"https:\/\/www.schulzentrum-stetten-akm.de\/?p=6656"},"modified":"2024-02-06T12:37:53","modified_gmt":"2024-02-06T11:37:53","slug":"liebe-gruesse","status":"publish","type":"post","link":"https:\/\/www.schulzentrum-stetten-akm.de\/en\/liebe-gruesse\/","title":{"rendered":"Liebe Gr\u00fc\u00dfe"},"content":{"rendered":"<p>Pr\u00e4chtige dunkelrote Rosen mit gro\u00dfer dichter Bl\u00fcte bekam heute geschenkt, wer von einem lieben Menschen f\u00fcr den traditionellen Valentins-Gru\u00df ausgesucht worden war. Die SMV des Schulzentrums Stetten \u00fcberreichte neben den eindrucksvollen Blumen auch ein Briefchen mit pers\u00f6nlichen Worten, das mit einem Schoko-Bon versehen war und letzte Woche bei der SMV erstanden werden konnte. Da der Valentinstag in die schulfreie Zeit der beweglichen Ferientage f\u00e4llt, wurden die \u00dcberraschungspost bereits heute verschenkt. <\/p>","protected":false},"excerpt":{"rendered":"<p>Pr\u00e4chtige dunkelrote Rosen mit gro\u00dfer dichter Bl\u00fcte bekam heute geschenkt, wer von einem lieben Menschen f\u00fcr den traditionellen Valentins-Gru\u00df ausgesucht worden war. Die SMV des Schulzentrums Stetten \u00fcberreichte neben den &hellip; <\/p>","protected":false},"author":1,"featured_media":6657,"comment_status":"closed","ping_status":"closed","sticky":false,"template":"","format":"standard","meta":{"footnotes":""},"categories":[22],"tags":[],"class_list":["post-6656","post","type-post","status-publish","format-standard","has-post-thumbnail","hentry","category-schulalltag"],"_links":{"self":[{"href":"https:\/\/www.schulzentrum-stetten-akm.de\/en\/wp-json\/wp\/v2\/posts\/6656","targetHints":{"allow":["GET"]}}],"collection":[{"href":"https:\/\/www.schulzentrum-stetten-akm.de\/en\/wp-json\/wp\/v2\/posts"}],"about":[{"href":"https:\/\/www.schulzentrum-stetten-akm.de\/en\/wp-json\/wp\/v2\/types\/post"}],"author":[{"embeddable":true,"href":"https:\/\/www.schulzentrum-stetten-akm.de\/en\/wp-json\/wp\/v2\/users\/1"}],"replies":[{"embeddable":true,"href":"https:\/\/www.schulzentrum-stetten-akm.de\/en\/wp-json\/wp\/v2\/comments?post=6656"}],"version-history":[{"count":1,"href":"https:\/\/www.schulzentrum-stetten-akm.de\/en\/wp-json\/wp\/v2\/posts\/6656\/revisions"}],"predecessor-version":[{"id":6658,"href":"https:\/\/www.schulzentrum-stetten-akm.de\/en\/wp-json\/wp\/v2\/posts\/6656\/revisions\/6658"}],"wp:featuredmedia":[{"embeddable":true,"href":"https:\/\/www.schulzentrum-stetten-akm.de\/en\/wp-json\/wp\/v2\/media\/6657"}],"wp:attachment":[{"href":"https:\/\/www.schulzentrum-stetten-akm.de\/en\/wp-json\/wp\/v2\/media?parent=6656"}],"wp:term":[{"taxonomy":"category","embeddable":true,"href":"https:\/\/www.schulzentrum-stetten-akm.de\/en\/wp-json\/wp\/v2\/categories?post=6656"},{"taxonomy":"post_tag","embeddable":true,"href":"https:\/\/www.schulzentrum-stetten-akm.de\/en\/wp-json\/wp\/v2\/tags?post=6656"}],"curies":[{"name":"wp","href":"https:\/\/api.w.org\/{rel}","templated":true}]}}