{"id":6621,"date":"2023-12-22T15:02:18","date_gmt":"2023-12-22T14:02:18","guid":{"rendered":"https:\/\/www.schulzentrum-stetten-akm.de\/?p=6621"},"modified":"2024-04-08T12:16:18","modified_gmt":"2024-04-08T10:16:18","slug":"kooperationsvertrag-des-schulzentrums-stetten-mit-dem-srh-klinikum-sigmaringen","status":"publish","type":"post","link":"https:\/\/www.schulzentrum-stetten-akm.de\/en\/kooperationsvertrag-des-schulzentrums-stetten-mit-dem-srh-klinikum-sigmaringen\/","title":{"rendered":"Kooperationsvertrag des Schulzentrums Stetten mit dem SRH Klinikum Sigmaringen"},"content":{"rendered":"<p>Mit dem Ziel, Pflegeberufe und soziale Berufsfelder als festen Baustein der Berufsorientierung (BO) zu etablieren, sind das Schulzentrum Stetten am kalten Markt und die SRH Kliniken Landkreis Sigmaringen am 21. Dezember 2023 einen Kooperationsvertrag eingegangen. Rektor Dr. Christof Probst und die BO-Verantwortliche Jessica Zwick sowie Schulleiterin der SRH Berufsfachschule Pflege in Pfullendorf, Daniela Eichelmann, erhoffen sich eine f\u00fcr beide Seiten gewinnbringende Zusammenarbeit, um den Berufseinstieg f\u00fcr Sch\u00fcler:innen engmaschig zu begleiten.<\/p>\n\n\n\n<p>Neben Informationen bei der Schulveranstaltung des Schulzentrums Stetten a. k. M. \u201eSch\u00fcler trifft Azubi\u201c \u00fcber die verschiedenen Ausbildungen am SRH Klinikum Sigmaringen, k\u00f6nnen die Sch\u00fcler nun einw\u00f6chige Betriebspraktika sowie zweiw\u00f6chige Sommerpraktika in Sigmaringen absolvieren. Dar\u00fcber hinaus k\u00f6nnen Siebtkl\u00e4ssler und \u00e4ltere Jahrg\u00e4nge an F\u00fchrungen durch das Klinikum teilnehmen und erleben die Ausbildungsberufe in der Praxis.<\/p>\n\n\n\n<p>Bereits seit vielen Jahren ist die SRH Berufsfachschule f\u00fcr Pflege regelm\u00e4\u00dfig an Ausbildungsmessen vertreten, welche teilweise direkt an den Schulen stattfinden. Fester Bestandteil dessen ist die Schulveranstaltung des Schulzentrums Stetten a. k. M., wodurch der gemeinsame Kontakt entstand. Mit dem Kooperationsvertrag soll die Netzwerkarbeit noch weiter ausgebaut werden, um noch mehr Sch\u00fcler f\u00fcr die verschiedenen Pflegeberufe zu begeistern, erkl\u00e4rt Eichelmann. \u201eGerade in der heutigen Zeit, wo es ein schier un\u00fcberschaubares Angebot an Ausbildungen und Studieng\u00e4ngen gibt, ist es wichtig, dass sich Sch\u00fcler direkt vor Ort informieren, sich ausprobieren und ins Gespr\u00e4ch mit uns und unseren Auszubildenden kommen k\u00f6nnen\u201c, unterst\u00fctzt Anja Brzoska-M\u00fcller, Pflegep\u00e4dagogin an der SRH Berufsfachschule Pflege, die Wichtigkeit des Kooperationsvertrags. Die Freude aller Beteiligten, gemeinsam mit dem Schulzentrum in Stetten den Grundstein daf\u00fcr legen zu k\u00f6nnen, ist gro\u00df.<\/p>","protected":false},"excerpt":{"rendered":"<p>Mit dem Ziel, Pflegeberufe und soziale Berufsfelder als festen Baustein der Berufsorientierung (BO) zu etablieren, sind das Schulzentrum Stetten am kalten Markt und die SRH Kliniken Landkreis Sigmaringen am 21. &hellip; <\/p>","protected":false},"author":1,"featured_media":6622,"comment_status":"closed","ping_status":"closed","sticky":false,"template":"","format":"standard","meta":{"footnotes":""},"categories":[44,1],"tags":[],"class_list":["post-6621","post","type-post","status-publish","format-standard","has-post-thumbnail","hentry","category-berufsorientierung","category-allgemein"],"_links":{"self":[{"href":"https:\/\/www.schulzentrum-stetten-akm.de\/en\/wp-json\/wp\/v2\/posts\/6621","targetHints":{"allow":["GET"]}}],"collection":[{"href":"https:\/\/www.schulzentrum-stetten-akm.de\/en\/wp-json\/wp\/v2\/posts"}],"about":[{"href":"https:\/\/www.schulzentrum-stetten-akm.de\/en\/wp-json\/wp\/v2\/types\/post"}],"author":[{"embeddable":true,"href":"https:\/\/www.schulzentrum-stetten-akm.de\/en\/wp-json\/wp\/v2\/users\/1"}],"replies":[{"embeddable":true,"href":"https:\/\/www.schulzentrum-stetten-akm.de\/en\/wp-json\/wp\/v2\/comments?post=6621"}],"version-history":[{"count":1,"href":"https:\/\/www.schulzentrum-stetten-akm.de\/en\/wp-json\/wp\/v2\/posts\/6621\/revisions"}],"predecessor-version":[{"id":6623,"href":"https:\/\/www.schulzentrum-stetten-akm.de\/en\/wp-json\/wp\/v2\/posts\/6621\/revisions\/6623"}],"wp:featuredmedia":[{"embeddable":true,"href":"https:\/\/www.schulzentrum-stetten-akm.de\/en\/wp-json\/wp\/v2\/media\/6622"}],"wp:attachment":[{"href":"https:\/\/www.schulzentrum-stetten-akm.de\/en\/wp-json\/wp\/v2\/media?parent=6621"}],"wp:term":[{"taxonomy":"category","embeddable":true,"href":"https:\/\/www.schulzentrum-stetten-akm.de\/en\/wp-json\/wp\/v2\/categories?post=6621"},{"taxonomy":"post_tag","embeddable":true,"href":"https:\/\/www.schulzentrum-stetten-akm.de\/en\/wp-json\/wp\/v2\/tags?post=6621"}],"curies":[{"name":"wp","href":"https:\/\/api.w.org\/{rel}","templated":true}]}}