{"id":6568,"date":"2023-12-12T10:58:10","date_gmt":"2023-12-12T09:58:10","guid":{"rendered":"https:\/\/www.schulzentrum-stetten-akm.de\/?p=6568"},"modified":"2023-12-12T10:58:12","modified_gmt":"2023-12-12T09:58:12","slug":"vorlesewettbewerb-2023","status":"publish","type":"post","link":"https:\/\/www.schulzentrum-stetten-akm.de\/en\/vorlesewettbewerb-2023\/","title":{"rendered":"Vorlesewettbewerb 2023"},"content":{"rendered":"<p><em>Bericht von Thessa Oswald und Mariella Rieger, LG 6.2.<\/em><\/p>\n\n\n\n<p>Zum diesj\u00e4hrigen Vorlesewettbewerb der Lerngruppen 6 haben sich alle im Foyer der Alemannenhalle getroffen. Die B\u00fccher, aus denen vorgelesen wurde, waren sehr spannend und es hat allen viel Spa\u00df gemacht, daraus zu h\u00f6ren. Die Auswahl des Gewinners war f\u00fcr die Jury diesmal besonders schwer, weil es viele gute Leser*innen gab. Klassensieger wurde aus der 6.1 Laura Chenaux mit einer Passage aus <em>Harry Potter und der Stein der Weisen<\/em> von J. K. Rowling. Sowohl Klassen- als auch Schulsieger wurde Ilyas Afrane aus Lerngruppe 6.2, ebenfalls mit einem Auszug aus demselben Roman. Ilyas wird in der n\u00e4chsten Runde beim Kreisentscheid in Sigmaringen lesen. <\/p>\n\n\n\n<p>Teilgenommen haben: <br>Aus Lerngruppe 6.1 Katharina Fetter mit <em>Ein Hund namens Money <\/em>von Bodo Sch\u00e4fer; aus Lerngruppe 6.2 Fynn Betz mit <em>Die Schule der magischen Tiere <\/em>von Margit Auer, Sophie Sautter mit <em>Charlottes Traumpferd<\/em> von Nele Neuhaus und Nico Ciliberto mit <em>B\u00f6ser Bruder, toter Bruder<\/em> von Narinder Dhami.<\/p>","protected":false},"excerpt":{"rendered":"<p>Bericht von Thessa Oswald und Mariella Rieger, LG 6.2. Zum diesj\u00e4hrigen Vorlesewettbewerb der Lerngruppen 6 haben sich alle im Foyer der Alemannenhalle getroffen. Die B\u00fccher, aus denen vorgelesen wurde, waren &hellip; <\/p>","protected":false},"author":1,"featured_media":6569,"comment_status":"closed","ping_status":"closed","sticky":false,"template":"","format":"standard","meta":{"footnotes":""},"categories":[20],"tags":[],"class_list":["post-6568","post","type-post","status-publish","format-standard","has-post-thumbnail","hentry","category-veranstaltungen"],"_links":{"self":[{"href":"https:\/\/www.schulzentrum-stetten-akm.de\/en\/wp-json\/wp\/v2\/posts\/6568","targetHints":{"allow":["GET"]}}],"collection":[{"href":"https:\/\/www.schulzentrum-stetten-akm.de\/en\/wp-json\/wp\/v2\/posts"}],"about":[{"href":"https:\/\/www.schulzentrum-stetten-akm.de\/en\/wp-json\/wp\/v2\/types\/post"}],"author":[{"embeddable":true,"href":"https:\/\/www.schulzentrum-stetten-akm.de\/en\/wp-json\/wp\/v2\/users\/1"}],"replies":[{"embeddable":true,"href":"https:\/\/www.schulzentrum-stetten-akm.de\/en\/wp-json\/wp\/v2\/comments?post=6568"}],"version-history":[{"count":1,"href":"https:\/\/www.schulzentrum-stetten-akm.de\/en\/wp-json\/wp\/v2\/posts\/6568\/revisions"}],"predecessor-version":[{"id":6570,"href":"https:\/\/www.schulzentrum-stetten-akm.de\/en\/wp-json\/wp\/v2\/posts\/6568\/revisions\/6570"}],"wp:featuredmedia":[{"embeddable":true,"href":"https:\/\/www.schulzentrum-stetten-akm.de\/en\/wp-json\/wp\/v2\/media\/6569"}],"wp:attachment":[{"href":"https:\/\/www.schulzentrum-stetten-akm.de\/en\/wp-json\/wp\/v2\/media?parent=6568"}],"wp:term":[{"taxonomy":"category","embeddable":true,"href":"https:\/\/www.schulzentrum-stetten-akm.de\/en\/wp-json\/wp\/v2\/categories?post=6568"},{"taxonomy":"post_tag","embeddable":true,"href":"https:\/\/www.schulzentrum-stetten-akm.de\/en\/wp-json\/wp\/v2\/tags?post=6568"}],"curies":[{"name":"wp","href":"https:\/\/api.w.org\/{rel}","templated":true}]}}