{"id":3650,"date":"2020-06-06T20:33:49","date_gmt":"2020-06-06T18:33:49","guid":{"rendered":"https:\/\/www.schulzentrum-stetten-akm.de\/?p=3650"},"modified":"2020-08-18T18:32:47","modified_gmt":"2020-08-18T16:32:47","slug":"frau-hoerger-im-podcast-bei-digitale-schule","status":"publish","type":"post","link":"https:\/\/www.schulzentrum-stetten-akm.de\/en\/frau-hoerger-im-podcast-bei-digitale-schule\/","title":{"rendered":"Ms H\u00f6rger in the podcast at \"Digitale Schule"},"content":{"rendered":"<blockquote>\n<p><em>&#8222;Als Lehrerin und Oberstudienr\u00e4tin hat unser neuer Podcast Gast Marijke H\u00f6rger (auch bekannt mit ihrem Youtubekanal \u201cteacher\u00b4s diary\u201d) die Phase der Schulschlie\u00dfungen und auch der Schul\u00f6ffnungen hautnah miterlebt. Neben der Umstellung auf Homeoffice, kamen auch Angst und Unsicherheiten der Sch\u00fcler auf die Lehrer zu. Abschlusspr\u00fcfungen? Zeugnisse? Marijke H\u00f6rger berichtet in der neuen Folge wie Sie als Lehrerin die aktuelle Situation erlebt und wie Ihr bisheriges Fazit zu den neuen Lehr- und Lernmethoden aussieht&#8220;. <\/em><\/p>\n<p>So das Intro zum Podcast an dem Frau H\u00f6rger als Interviewgast teilgenommen hat. Nachzuh\u00f6ren unter&nbsp;<strong> <br><\/strong><\/p>\n<p><a href=\"https:\/\/podcast5022a3.podigee.io\/8-neue-episode\">https:\/\/podcast5022a3.podigee.io\/8-neue-episode<\/a><\/p>\n<\/blockquote>\n<p><!--more--><\/p>","protected":false},"excerpt":{"rendered":"<p>\"As a teacher and senior lecturer, our new podcast guest Marijke H\u00f6rger (also known for her YouTube channel \"teacher's diary\") has experienced the phase of school closures and also school openings first hand. Besides the ... <\/p>","protected":false},"author":1,"featured_media":3654,"comment_status":"closed","ping_status":"closed","sticky":false,"template":"","format":"standard","meta":{"footnotes":""},"categories":[1],"tags":[],"class_list":["post-3650","post","type-post","status-publish","format-standard","has-post-thumbnail","hentry","category-allgemein"],"_links":{"self":[{"href":"https:\/\/www.schulzentrum-stetten-akm.de\/en\/wp-json\/wp\/v2\/posts\/3650","targetHints":{"allow":["GET"]}}],"collection":[{"href":"https:\/\/www.schulzentrum-stetten-akm.de\/en\/wp-json\/wp\/v2\/posts"}],"about":[{"href":"https:\/\/www.schulzentrum-stetten-akm.de\/en\/wp-json\/wp\/v2\/types\/post"}],"author":[{"embeddable":true,"href":"https:\/\/www.schulzentrum-stetten-akm.de\/en\/wp-json\/wp\/v2\/users\/1"}],"replies":[{"embeddable":true,"href":"https:\/\/www.schulzentrum-stetten-akm.de\/en\/wp-json\/wp\/v2\/comments?post=3650"}],"version-history":[{"count":14,"href":"https:\/\/www.schulzentrum-stetten-akm.de\/en\/wp-json\/wp\/v2\/posts\/3650\/revisions"}],"predecessor-version":[{"id":3668,"href":"https:\/\/www.schulzentrum-stetten-akm.de\/en\/wp-json\/wp\/v2\/posts\/3650\/revisions\/3668"}],"wp:featuredmedia":[{"embeddable":true,"href":"https:\/\/www.schulzentrum-stetten-akm.de\/en\/wp-json\/wp\/v2\/media\/3654"}],"wp:attachment":[{"href":"https:\/\/www.schulzentrum-stetten-akm.de\/en\/wp-json\/wp\/v2\/media?parent=3650"}],"wp:term":[{"taxonomy":"category","embeddable":true,"href":"https:\/\/www.schulzentrum-stetten-akm.de\/en\/wp-json\/wp\/v2\/categories?post=3650"},{"taxonomy":"post_tag","embeddable":true,"href":"https:\/\/www.schulzentrum-stetten-akm.de\/en\/wp-json\/wp\/v2\/tags?post=3650"}],"curies":[{"name":"wp","href":"https:\/\/api.w.org\/{rel}","templated":true}]}}